{"id":1131,"date":"2015-01-08T14:42:14","date_gmt":"2015-01-08T13:42:14","guid":{"rendered":"http:\/\/lelaboratoireanarchiste.noblogs.org\/?p=1131"},"modified":"2015-01-08T14:42:14","modified_gmt":"2015-01-08T13:42:14","slug":"quelques-vieilleries-sur-lunion-sacree-face-au-terrorisme","status":"publish","type":"post","link":"https:\/\/lelaboratoireanarchiste.noblogs.org\/?p=1131","title":{"rendered":"Quelques vieilleries sur l\u2019Union sacr\u00e9e face au terrorisme"},"content":{"rendered":"<h2><strong><em>[Ces deux textes de r\u00e9flexions \u00e0 chaud suite aux attaques du 11 septembre 2001 -malgr\u00e9 un contexte et une p\u00e9riode diff\u00e9rents- ont certainement encore quelque chose \u00e0 nous dire, \u00e0 l\u2019heure o\u00f9 c\u2019est toujours, quoi qu\u2019on en dise, le terrorisme des Etats et de leurs concurrents, comme cela vient d\u2019arriver aujourd\u2019hui, qui tentent de mener le bal pour tenter de liquider la guerre sociale contre toutes les dominations&#8230;]<\/em><\/strong><\/h2>\n<p>&nbsp;<\/p>\n<p><strong>Recherche ennemi d\u00e9sesp\u00e9r\u00e9ment<\/strong><\/p>\n<p>\u00c7a y est, la 3eme guerre mondiale est arriv\u00e9e. C\u2019est l\u2019onde de choc, le traumatisme mondial. Face \u00e0 cette d\u00e9claration de guerre, cette insulte \u00e0 la d\u00e9mocratie, \u00e0 la libert\u00e9, \u00e0 la vie humaine, &#8230;<br class=\"autobr\" \/> &#8230; <strong>chaque peuple fait bloc autour de son souverain, les bons citoyens offrent leur sang, on prie, on pleure, on compatit, on est choqu\u00e9, horrifi\u00e9, en col\u00e8re, on exige des repr\u00e9sailles. Les drapeaux sont en berne, de par le monde un deuil est d\u00e9cr\u00e9t\u00e9. Dirigeants et dirig\u00e9s, exploiteurs et exploit\u00e9s, tous se retrouvent unis face au malheur et \u00e0 l\u2019inacceptable.<\/strong> Un-front-commun-contre-le-fl\u00e9au-du-terrorisme. On appelle \u00e7a\u00a0: <i>l\u2019union sacr\u00e9e<\/i>. Mais derri\u00e8re cette orchestration larmoyante, cette mise en sc\u00e8ne sacrificielle, ce sc\u00e9nario de politique-fiction plus vrai que nature, que se cache-t-il r\u00e9ellement\u00a0? Pour tous les damn\u00e9s de la terre, tout cela ne pr\u00e9sage rien de bon.<\/p>\n<p>Dans les prochains jours, les attaques men\u00e9es contre les int\u00e9r\u00eats am\u00e9ricains serviront d\u2019alibi au d\u00e9clenchement d\u2019une offensive militaire de l\u2019OTAN ou des Etats-Unis avec l\u2019appui de l\u2019Europe et de ses alli\u00e9s arabes. On parle d\u00e9j\u00e0 de l\u2019Afghanistan, de l\u2019Irak ou du Pakistan. Et l\u2019on peut \u00eatre s\u00fbr que les propagandistes du nouvel ordre mondial invoqueront, comme par le pass\u00e9 (guerre du Golfe, des Balkans, du Kosovo\u2026) les arguments de la d\u00e9fense du monde libre et de la d\u00e9mocratie pour l\u00e9gitimer leur projet militariste\u00a0; en r\u00e9alit\u00e9, il ne s\u2019agit de rien d\u2019autre que d\u2019une nouvelle tentative pour les grandes puissances de consolider leurs positions d\u2019h\u00e9g\u00e9monie sur l\u2019\u00e9chiquier imp\u00e9rialiste, dans le contexte de rivalit\u00e9s entre puissances constitu\u00e9es (les USA, l\u2019Europe) et puissances en voie de constitution. <strong>Mais les exploit\u00e9s du monde entier n\u2019ont rien \u00e0 gagner dans ce jeu sinistre\u00a0: ni la libert\u00e9 formelle, source de leur exploitation quotidienne, brandie par les Etats occidentaux, ni la violence aveugle planifi\u00e9e par une clique de chefs militaro-religieux ayant pour seule ambition de bouleverser l\u2019ordre international \u00e0 leur profit et d\u2019instituer de nouvelles formes de domination ne leur seront d\u2019aucun recours dans leurs luttes pour l\u2019\u00e9mancipation sociale.<\/strong><\/p>\n<p>Une militarisation de l\u2019Etat, sur l\u2019ensemble de la plan\u00e8te, trouvant sa justification dans la menace terroriste (renforcement des appareils de contr\u00f4le et de coercition de l\u2019Etat) est d\u2019ores et d\u00e9j\u00e0 \u00e0 l\u2019ordre du jour. Ainsi, d\u00e8s le jour de l\u2019attaque aux USA est annonc\u00e9e en France la mise en place du plan Vigipirate renforc\u00e9 (phase 2)\u00a0; or nous connaissons bien la nature et le r\u00f4le de ces \u00ab\u00a0mesures de s\u00e9curit\u00e9\u00a0\u00bb\u00a0: derri\u00e8re l\u2019alibi antiterroriste, ce n\u2019est rien d\u2019autre que l\u2019intensification de la chasse aux pauvres, \u00e0 commencer par les sans-papiers, la surveillance informatis\u00e9e de nos moindres faits et gestes, la r\u00e9pression imm\u00e9diate contre tout \u00e9cart \u00e0 la norme sociale fix\u00e9e par les ma\u00eetres de nos existences et, de mani\u00e8re g\u00e9n\u00e9rale, l\u2019instauration d\u2019un climat de peur et de suspicion brisant toute solidarit\u00e9 collective contre l\u2019oppression permanente. <i>Bref, rien de tel pour accoutumer mentalement les esprits \u00e0 la loi martiale et \u00e0 l\u2019univers totalitaire que l\u2019on nous pr\u00e9pare dans les coulisses du pouvoir<\/i>.<\/p>\n<p>Cette militarisation des d\u00e9mocraties, ce contr\u00f4le et cette gestion militaire des rapports et des conflits sociaux permet aussi aux Etats de pouvoir enfin s\u2019attaquer aux spectres de ces ghettos sociaux de plus plus difficiles \u00e0 contenir.<br class=\"autobr\" \/> La logique de guerre omnipr\u00e9sente est \u00e0 l\u2019\u0153uvre aussi bien dans rapports entre puissances pour l\u2019h\u00e9g\u00e9monie plan\u00e9taire (plan d\u2019intervention militaires dans toutes les parties du monde, par exemple le plan Colombie, ou les guerres de basses intensit\u00e9s (Chiapas\u2026), gestion humanitaire des rivalit\u00e9s inter-\u00e9tatiques \u00e0 travers le r\u00f4le d\u00e9volu aux ONG et aux organismes caritatifs), mais aussi dans les rapports sociaux de chaque Etat (ghettoisation et s\u00e9gr\u00e9gations sociales, gestion carc\u00e9rale des \u00ab\u00a0nouvelles classes dangereuses\u00a0\u00bb, etc).<br class=\"autobr\" \/> <strong>En derni\u00e8re analyse, toutes ces mesures, comme tous les discours et toutes les d\u00e9clarations dont les m\u00e9dias nous abreuvent jusqu\u2019\u00e0 la naus\u00e9e, sont destin\u00e9es \u00e0 entretenir l\u2019illusion que sans le sang-froid et l\u2019abn\u00e9gation de nos bien-aim\u00e9s dirigeants, leurs polices, leurs arm\u00e9es, leurs espions, leurs l\u00e9gistes, leurs diplomates et leurs bureaucraties, nous nous enfoncerions, livr\u00e9s \u00e0 nous-m\u00eames dans la barbarie. <i>Or, c\u2019est de tout le contraire qu\u2019il s\u2019agit\u00a0: toutes ces institutions ne sont l\u00e0 que pour perp\u00e9tuer la barbarie, celle des rapports de production capitalistes<\/i>.<\/strong><\/p>\n<p>Au plan id\u00e9ologique, on nous refait le coup de la guerre froide, avec un nouvel ennemi, plus dangereux que le pr\u00e9c\u00e9dent (l\u2019URSS et le \u00ab\u00a0communisme\u00a0\u00bb) car insaisissable, int\u00e9rieur et ext\u00e9rieur, invisible, diss\u00e9min\u00e9, obscur, nulle part et partout \u00e0 la fois\u2026 A nouveau, le monde se structurerait \u00e0 les entendre en deux p\u00f4les antagonistes\u00a0: le camp des d\u00e9mocraties occidentales, le \u00ab\u00a0monde libre\u00a0\u00bb emport\u00e9 par les USA contre un monde arabe fanatis\u00e9 par une caste de dirigeants int\u00e9gristes\u2026 C\u2019est cette pr\u00e9sentation des choses, cette absolue falsification id\u00e9ologique de la r\u00e9alit\u00e9 qu\u2019il faut d\u00e9noncer et combattre. La bipolarisation au niveau mondial ne se fait pas entre les d\u00e9mocraties et les Etats terroristes et leurs bases avanc\u00e9es, mais entre les exploit\u00e9s du monde entier, d\u2019Occident, d\u2019Orient ou d\u2019on ne sait o\u00f9, et leur exploitation g\u00e9r\u00e9e par la clique de dirigeants politiques et \u00e9conomiques internationaux.<\/p>\n<p>L\u2019op\u00e9ration militaire qui se pr\u00e9pare va faire, comme \u00e0 chaque fois, un massacre parmi la population civile d\u2019un pays (on ne sait pas encore vraiment lequel, tr\u00e8s certainement l\u2019Afghanistan) et l\u2019on nous parlera encore de frappes chirurgicales et de d\u00e9g\u00e2ts collat\u00e9raux. L\u00e0, il n\u2019y aura pas les m\u00e9dias pour nous faire pleurer, pas d\u2019images, pas de cris. Ces morts-l\u00e0, ces souffrances-l\u00e0, n\u2019auront pas la m\u00eame intensit\u00e9, la m\u00eame importance aux yeux des Occidentaux. Le non-dit des m\u00e9dias et des politiciens peut se r\u00e9sumer ainsi\u00a0: \u00a0\u00bb Ce ne sont pas des Occidentaux, ce ne sont pas des civilis\u00e9s, qu\u2019ils cr\u00e8vent en silence\u00a0! \u00ab\u00a0<br class=\"autobr\" \/> Nous ne pouvons que renvoyer dos \u00e0 dos les auteurs des attentats aux USA et les dirigeants politiques qui vont conduire ou cautionner une op\u00e9ration militaire en Afghanistan o\u00f9 ailleurs. <strong>Par contre, nous ne pleurerons pas la mort des mollahs talibans et autres milliardaires saoudiens comme nous n\u2019avons pas pleur\u00e9 la disparition de militaires au Pentagone et de traders au World Trade Center, tous directement responsables de la mort et de la mis\u00e8re de million de gens<\/strong>. Qu\u2019ils s\u2019entretuent tous \u2026<\/p>\n<p>La riposte \u00e0 notre mis\u00e8re et notre ali\u00e9nation ne s\u2019est jamais trouv\u00e9e et ne se trouvera jamais dans le nationalisme, le religieux, la violence aveugle ou l\u2019id\u00e9ologie de la d\u00e9mocratie, qui ne sont que des leurres par lesquels se perp\u00e9tuent la domination et l\u2019exploitation. En Palestine, en Europe, au Proche-Orient, aux Etats-Unis et partout ailleurs, il n\u2019y a qu\u2019un seul combat \u00e0 mener\u00a0: celui de tous les prol\u00e9taires contre toutes leurs exploitations (capitalisme, Etat, religion\u2026)\u00a0; et un seul et unique moyen pour parvenir \u00e0 une lib\u00e9ration totale\u00a0: la guerre sociale.<\/p>\n<p>Paris, le 16 septembre 2001<\/p>\n<p>[Publi\u00e9 dans <i>Cette Semaine<\/i> n\u00b084, f\u00e9vrier 2002, p.2]<\/p>\n<hr class=\"spip\" \/>\n<p><strong>Guerre sociale sans limite<\/strong><\/p>\n<p>Depuis les \u00e9v\u00e9nements du 11 septembre, les dirigeants des d\u00e9mocraties et leurs clans traquent un ennemi sans visage. La r\u00e9ponse pr\u00e9sent\u00e9e comme une \u00a0\u00bb croisade contre le terrorisme \u00a0\u00bb n\u2019est en r\u00e9alit\u00e9 qu\u2019une op\u00e9ration polici\u00e8re de r\u00e9pression plan\u00e9taire contre tous les pauvres. <strong>Les dirigeants, derri\u00e8re leur masque de compassion pour les victimes, profitent bien de l\u2019affaire. On justifie l\u2019\u00e9tat de si\u00e8ge dans les villes, la surveillance massifi\u00e9e des communications, l\u2019\u00e9crasement accru des employ\u00e9-e-s ou l\u2019intensification des contr\u00f4les lors des d\u00e9placements<\/strong>. Le bon citoyen veut-il se sentir prot\u00e9g\u00e9\u00a0?<\/p>\n<p>En tout cas, les pauvres doivent trembler. Sans-papi\u00e8res, prol\u00e9taires turbinant, fraudeurs, petites voleuses, gal\u00e9riens, femmes, arabes, noirs, sans abris, squatteuses&#8230; Toutes et tous, exploit\u00e9-e-s et \u00e9cras\u00e9-e-s en tout genre, vont l\u2019\u00eatre encore d\u2019avantage. Tous ceux et toutes celles qui refusent de crever o\u00f9 et comment on leur dit seront lamin\u00e9-e-s. Et non seulement tout acte de r\u00e9volte sera durement r\u00e9prim\u00e9, mais l\u2019objectif est de faire passer l\u2019envie, l\u2019id\u00e9e m\u00eame de se r\u00e9volter. Les \u00a0\u00bb terroristes \u00a0\u00bb sont ceux et celles qui s\u2019attaquent \u00e0 ce monde. Quiconque \u00e9br\u00eache l\u2019union sacr\u00e9e proclam\u00e9e, par ses choix de vie, ses r\u00e9voltes, ses \u00a0\u00bb crimes \u00ab\u00a0, ses insoumissions, en est un-e. Si la justification du pouvoir est id\u00e9ologique, la r\u00e9pression est bien physique. C\u2019est le principe de tol\u00e9rance z\u00e9ro, la th\u00e9orie du carreau cass\u00e9 new-yorkaise qui s\u2019\u00e9tend \u00e0 la plan\u00e8te enti\u00e8re.<br class=\"autobr\" \/> Aucun \u00e9cart ne sera tol\u00e9r\u00e9\u00a0; la loi martiale semble d\u00e9cr\u00e9t\u00e9e pour l\u2019ensemble de la population. (En France, 2 hommes prennent 2 mois fermes pour, lors d\u2019une embrouille avec les flics, les avoir menac\u00e9s d\u2019une attaque a\u00e9rienne sur le commissariat\u00a0; un autre prend un an, pour avoir dit \u00a0\u00bb vive Ben Laden \u00a0\u00bb\u00a0; \u00e0 Londres, une trentaine d\u2019employ\u00e9-e-s du m\u00e9tro sont licenci\u00e9-e-s pour refus de faire les trois minutes de silence en m\u00e9moire des victimes.) <strong>Les forces polici\u00e8res et militaires se renforcent mutuellement, leurs pouvoirs sont \u00e9tendus et tout le monde est impliqu\u00e9 dans leurs op\u00e9rations. La participation est demand\u00e9e aussi bien aux gardiens de parc, aux vigiles de mus\u00e9e ou de supermarch\u00e9, qu\u2019\u00e0 chaque citoyen-ne qui est appel\u00e9-e \u00e0 la d\u00e9lation \u00e0 chaque instant.<\/strong><\/p>\n<p>Cette op\u00e9ration polici\u00e8re n\u2019est pas un r\u00e9gime d\u2019exception, c\u2019est une acc\u00e9l\u00e9ration brutale du processus de contr\u00f4le permanent et total des populations. <strong>Les dirigeants, en agitant le spectre de l\u2019innommable renforcent leur arsenal r\u00e9pressif. La soci\u00e9t\u00e9 carc\u00e9rale (occupation polici\u00e8re du territoire, arrestations et incarc\u00e9rations de plus en plus nombreuses, surveillance technologique&#8230;), tout comme l\u2019id\u00e9ologie participative qui fait du bon citoyen une balance, ou encore l\u2019exploitation \u00e9conomique (licenciements massifs justifi\u00e9s par la r\u00e9cession qui suit l\u2019affaire du 11 septembre) ne sont pas des ph\u00e9nom\u00e8nes nouveaux<\/strong>. C\u2019est une nouvelle offensive, men\u00e9e par les dirigeants dans la guerre de classe men\u00e9e contre les pauvres depuis bien longtemps. <strong>Les \u00a0\u00bb terroristes \u00a0\u00bb qu\u2019ils combattent sont aussi bien les \u00e9meutier-e-s des Black Blocks ou d\u2019ailleurs, les ouvrier-e-s qui menacent de faire sauter l\u2019usine si on ne leur donne pas du bl\u00e9, la jeunesse criminelle qui prend les thunes dont elle a besoin l\u00e0 o\u00f9 elles sont, le \u00a0\u00bb tireur fou \u00a0\u00bb de B\u00e9ziers et les nombreux et nombreuses autres r\u00e9volt\u00e9-e-s contre ce monde lugubre. Les moyens qu\u2019ils emploient dans cette guerre ne peuvent nous tromper. Ils sont bien dirig\u00e9s contre nous, et en nombre et force de plus en plus grands, comme \u00e0 chaque occasion. Leurs cerveaux pestilentiels cherchent toujours de nouveaux carcans pour nos d\u00e9sirs de libert\u00e9. Mais notre rage trouvera toujours, par la ruse, dans la violence et contre l\u2019ordre, les moyens de notre existence.<\/strong><\/p>\n<p><i>Feu aux commissariats, aux prisons, aux centres de r\u00e9tention et \u00e0 tous les centres de r\u00e9pression<br class=\"autobr\" \/> Feu aux centres de techno-surveillance&#8230;<br class=\"autobr\" \/> Contre les guerres capitalistes, pour la guerre sociale<br class=\"autobr\" \/> D\u00e9vastons ce monde putride<\/i><\/p>\n<p>(Ce tract a circul\u00e9 dans l\u2019est-parisien d\u00e9but octobre 2001)<\/p>\n<p>[Publi\u00e9 dans <i>Cette Semaine<\/i> n\u00b084, f\u00e9vrier 2002, p.3]<\/p>\n<p>texte repris sur <a href=\"http:\/\/cettesemaine.info\/breves\/spip.php?article662&amp;lang=fr\">cettesemaine.info<\/a><\/p>\n","protected":false},"excerpt":{"rendered":"<p>[Ces deux textes de r\u00e9flexions \u00e0 chaud suite aux attaques du 11 septembre 2001 -malgr\u00e9 un contexte et une p\u00e9riode diff\u00e9rents- ont certainement encore quelque chose \u00e0 nous dire, \u00e0 l\u2019heure o\u00f9 c\u2019est toujours, quoi qu\u2019on en dise, le terrorisme des Etats et de leurs concurrents, comme cela vient d\u2019arriver aujourd\u2019hui, qui tentent de mener [&hellip;]<\/p>\n","protected":false},"author":7964,"featured_media":0,"comment_status":"closed","ping_status":"closed","sticky":false,"template":"","format":"standard","meta":{"footnotes":""},"categories":[1],"tags":[],"class_list":["post-1131","post","type-post","status-publish","format-standard","hentry","category-general"],"_links":{"self":[{"href":"https:\/\/lelaboratoireanarchiste.noblogs.org\/index.php?rest_route=\/wp\/v2\/posts\/1131","targetHints":{"allow":["GET"]}}],"collection":[{"href":"https:\/\/lelaboratoireanarchiste.noblogs.org\/index.php?rest_route=\/wp\/v2\/posts"}],"about":[{"href":"https:\/\/lelaboratoireanarchiste.noblogs.org\/index.php?rest_route=\/wp\/v2\/types\/post"}],"author":[{"embeddable":true,"href":"https:\/\/lelaboratoireanarchiste.noblogs.org\/index.php?rest_route=\/wp\/v2\/users\/7964"}],"replies":[{"embeddable":true,"href":"https:\/\/lelaboratoireanarchiste.noblogs.org\/index.php?rest_route=%2Fwp%2Fv2%2Fcomments&post=1131"}],"version-history":[{"count":1,"href":"https:\/\/lelaboratoireanarchiste.noblogs.org\/index.php?rest_route=\/wp\/v2\/posts\/1131\/revisions"}],"predecessor-version":[{"id":1132,"href":"https:\/\/lelaboratoireanarchiste.noblogs.org\/index.php?rest_route=\/wp\/v2\/posts\/1131\/revisions\/1132"}],"wp:attachment":[{"href":"https:\/\/lelaboratoireanarchiste.noblogs.org\/index.php?rest_route=%2Fwp%2Fv2%2Fmedia&parent=1131"}],"wp:term":[{"taxonomy":"category","embeddable":true,"href":"https:\/\/lelaboratoireanarchiste.noblogs.org\/index.php?rest_route=%2Fwp%2Fv2%2Fcategories&post=1131"},{"taxonomy":"post_tag","embeddable":true,"href":"https:\/\/lelaboratoireanarchiste.noblogs.org\/index.php?rest_route=%2Fwp%2Fv2%2Ftags&post=1131"}],"curies":[{"name":"wp","href":"https:\/\/api.w.org\/{rel}","templated":true}]}}