{"id":1124,"date":"2015-01-08T10:06:50","date_gmt":"2015-01-08T09:06:50","guid":{"rendered":"http:\/\/lelaboratoireanarchiste.noblogs.org\/?p=1124"},"modified":"2015-01-08T14:39:31","modified_gmt":"2015-01-08T13:39:31","slug":"terrorisme-detat-qui-saura-resister-a-limperatif-dunite-nationale","status":"publish","type":"post","link":"https:\/\/lelaboratoireanarchiste.noblogs.org\/?p=1124","title":{"rendered":"[Terrorisme d\u2019Etat] : qui saura r\u00e9sister \u00e0 \u00ab\u00a0l\u2019imp\u00e9ratif d\u2019unit\u00e9 nationale\u00a0\u00bb ?"},"content":{"rendered":"<div id=\"page\">\n<div id=\"contenu\" class=\"contenu-article\">\n<div id=\"cadre-titre-article\">\n<div class=\"\">aussi on avait\u00a0 publi\u00e9 apr\u00e8s la mort de R\u00e9mi Fraisse un texte avec un lien vers un texte de\u00a0Ren\u00e9 Riesel et Jacques Philipponneau,<span style=\"color: #ff6600\"><strong> <a style=\"color: #ff6600\" title=\"Au dessus du volcan\" href=\"https:\/\/lelaboratoireanarchiste.noblogs.org\/post\/2014\/12\/12\/au-dessus-du-volcan\">au dessus du volcan<\/a><\/strong><\/span><\/div>\n<div class=\"\"><\/div>\n<div id=\"soustitre-article\" class=\"\">\u00a0ce texte ci dessous <span style=\"color: #ff6600\"><strong><a style=\"color: #ff6600\" title=\"[Terrorisme d\u2019Etat] : qui saura r\u00e9sister \u00e0 &quot;l\u2019imp\u00e9ratif d\u2019unit\u00e9 nationale&quot; ?\" href=\"http:\/\/cettesemaine.info\/breves\/spip.php?article663&amp;lang=fr\">est reprisd&rsquo;ici<\/a><\/strong><\/span><\/div>\n<div id=\"descriptif-article\"><\/div>\n<\/div>\n<div id=\"cadre-article\">\n<div class=\"nettoyeur\"><\/div>\n<div id=\"texte-article\" class=\"surlignable\">\n<div class=\"\">\n<p><strong>Attentat \u00e0 Charlie Hebdo\u00a0: 650 militaires et 2000 policiers en plus jeudi \u00e0 Paris<\/strong><\/p>\n<p>Le Parisien, 08 Janv. 2015, 00h35<\/p>\n<p><i>La pr\u00e9fecture de police de Paris annonce des renforts sur la capitale et l\u2019Ile-de-France d\u00e8s jeudi, au lendemain de l\u2019attaque meurtri\u00e8re perp\u00e9tr\u00e9e contre le journal Charlie Hebdo. <strong>Une trentaine de pelotons de forces mobiles, c\u2019est-\u00e0-dire 2000 policiers, seront d\u00e9ploy\u00e9s<\/strong>.<\/i><\/p>\n<p><strong>Par ailleurs, le minist\u00e8re de l\u2019Int\u00e9rieur, conjointement avec la pr\u00e9fecture de police, envoie 650 militaires<\/strong> \u00e0 la suite du rel\u00e8vement du plan Vigipirate au niveau \u00ab\u00a0alerte attentats\u00a0\u00bb. Il s\u2019agit du niveau le plus \u00e9lev\u00e9.<\/p>\n<p><strong>Cinq sites seront renforc\u00e9s en pr\u00e9sence polici\u00e8re et militaire, \u00e0 savoir les grands magasins et les sites touristiques (Tour Eiffel, Louvre, etc.) , les transports, gares et r\u00e9seaux, les lieux de culte, les a\u00e9roports et les m\u00e9dias<\/strong>.<\/p>\n<p>Les niveaux du plan Vigipirate ont chang\u00e9 en 2014. Auparavant, les quatre grades de r\u00e9ponse \u00e0 une menace portaient des noms de couleurs (jaune, orange, rouge et \u00e9carlate). Les transports ferroviaires fran\u00e7ais avaient \u00e9t\u00e9 plac\u00e9s en alerte rouge apr\u00e8s les attentats de Madrid en 2004, de m\u00eame qu\u2019apr\u00e8s les attaques commises par Mohammed Merah, o\u00f9 le stade \u00e9carlate avait \u00e9t\u00e9 d\u00e9clench\u00e9 dans dix d\u00e9partements.<\/p>\n<hr class=\"spip\" \/>\n<p><strong>Charlie Hebdo\u00a0: renfort de CRS, gendarmes mobiles et militaires en Ile-de-France<\/strong><\/p>\n<p>AFP, 7 janvier 2015<\/p>\n<p><i> <strong>Six compagnies de CRS et escadrons de gendarmerie mobile, soit pr\u00e8s de 500 hommes, ont \u00ab\u00a0d\u2019ores et d\u00e9j\u00e0 \u00e9t\u00e9 d\u00e9ploy\u00e9s en renfort sur Paris\u00a0\u00bb apr\u00e8s l\u2019attentat commis contre l\u2019hebdomadaire satirique Charlie Hebdo, et 350 militaires vont renforcer le dispositif jeudi en Ile-de-France<\/strong>, a annonc\u00e9 mercredi le minist\u00e8re de l\u2019Int\u00e9rieur.<\/i><\/p>\n<p>Les renforts de CRS et gendarmes mobiles portent \u00ab\u00a0<i>\u00e0 16 le nombre de forces mobiles engag\u00e9es sur Paris et la petite couronne. D\u2019autres forces sont en transit ou en position d\u2019alerte<\/i>\u00a0\u00bb, pr\u00e9cise dans un communiqu\u00e9 le minist\u00e8re. Dans un second communiqu\u00e9 envoy\u00e9 dans la soir\u00e9e, il pr\u00e9cise que ces forces mobiles seront \u00e9paul\u00e9es \u00ab\u00a0<i>en r\u00e9gion parisienne d\u00e8s demain matin par 150 militaires suppl\u00e9mentaires, eux-m\u00eames renforc\u00e9s dans la journ\u00e9e par 200 autres personnels du minist\u00e8re de La D\u00e9fense<\/i>\u00a0\u00bb.<\/p>\n<p>\u00ab\u00a0<i>Ainsi, <strong>ce sont plus de 800 militaires qui vont \u00eatre engag\u00e9s aux c\u00f4t\u00e9s des policiers et gendarmes en Ile-de-France dans des missions de patrouilles<\/strong> et de s\u00e9curisation<\/i>\u00a0\u00bb, ajoute-t-il. \u00ab\u00a0<i>Sur l\u2019ensemble du territoire, les pr\u00e9fets ont \u00e9t\u00e9 imm\u00e9diatement sensibilis\u00e9s pour qu\u2019ils \u00e9valuent la s\u00e9curisation de sites devant b\u00e9n\u00e9ficier de protections suppl\u00e9mentaires<\/i>\u00a0\u00bb, indiquait plus t\u00f4t l\u2019Int\u00e9rieur.<\/p>\n<p><strong>Le plan gouvernemental Vigipirate a \u00e9t\u00e9 \u00e9lev\u00e9 au niveau \u00ab\u00a0alerte attentat\u00a0\u00bb, son \u00e9chelon le plus \u00e9lev\u00e9 en Ile-de-France<\/strong>, avait annonc\u00e9 Matignon. Les organes de presse, les grands magasins, les lieux de culte et les transports dans la capitale ont \u00e9t\u00e9 plac\u00e9s en \u00ab\u00a0protection renforc\u00e9e\u00a0\u00bb en r\u00e9gion parisienne.<\/p>\n<p>Une cellule interminist\u00e9rielle de crise regroupant des<strong> repr\u00e9sentants de l\u2019Int\u00e9rieur, de la D\u00e9fense, de la Justice, des Transports, de la Sant\u00e9 ou encore de l\u2019Education nationale<\/strong>, a \u00e9t\u00e9 mise en place au minist\u00e8re de l\u2019Int\u00e9rieur. Elle \u00ab\u00a0<i>a pour vocation de permettre aux autorit\u00e9s en charge des op\u00e9rations de suivre en temps r\u00e9el l\u2019\u00e9volution des \u00e9v\u00e9nements et de d\u00e9cider dans les meilleurs d\u00e9lais de la strat\u00e9gie de r\u00e9ponse<\/i>\u00a0\u00bb, pr\u00e9cise le communiqu\u00e9.<\/p>\n<hr class=\"spip\" \/>\n<p><i>Application de Vigipirate, exemple imm\u00e9diat \u00e0 Sarcelles<\/i><br class=\"autobr\" \/> <strong>Sarcelles (Val d\u2019Oise)\u00a0: Des contr\u00f4les routiers anti-attentat apr\u00e8s la tuerie \u00e0 Charlie Hebdo<\/strong><\/p>\n<p>gazettevaldoise, 07\/01\/2015 \u00e0 23:31<\/p>\n<p><i>Dans le cadre du plan vigipirate \u00ab\u00a0alerte attentat\u00a0\u00bb des contr\u00f4les routiers ont \u00e9t\u00e9 organis\u00e9s sur le rond-point de la Croix-Verte et \u00e0 Sarcelles ce mercredi-soir.<\/i><\/p>\n<p>Le plan vigipirate ayant \u00e9t\u00e9 \u00e9lev\u00e9 au niveau \u201calerte attentat\u201d apr\u00e8s la tuerie \u00e0 Charlie Hebdo qui a fait 12 morts et une dizaine de bless\u00e9s ce mercredi matin, deux <strong>contr\u00f4les routiers anti attentat<\/strong> ont \u00e9t\u00e9 organis\u00e9s dans la soir\u00e9e par la pr\u00e9fecture du Val-d\u2019Oise, de 18h30 \u00e0 20h30. <strong>En zone gendarmerie, \u00e0 hauteur du rond-point de la Croix-Verte, ou trente militaires, dont certains arm\u00e9s de famas, ont \u00e9t\u00e9 mobilis\u00e9s<\/strong>, et en zone police, au rond-point de la RN1 \u00e0 Sarcelles, avec vingt-cinq fonctionnaires sur place.<\/p>\n<p>Le pr\u00e9fet pr\u00e9cise\u00a0: \u00ab\u00a0<i>L\u2019objectif est de faire ouvrir les coffres afin de v\u00e9rifier que ce qui ne doit par circuler ne circule pas, notamment des armes<\/i>.\u201d<\/p>\n<p><strong>Dispositif de surveillance<\/strong><\/p>\n<p>Par ailleurs, le repr\u00e9sentant de l\u2019\u00c9tat a indiqu\u00e9 qu\u2019un important dispositif de s\u00e9curit\u00e9 a \u00e9t\u00e9 mis en place sur le d\u00e9partement\u00a0: \u00ab\u00a0<i>D\u00e8s cet apr\u00e8s-midi, 59 patrouilles de police, soit 180 fonctionnaires, et 25 patrouilles de gendarmerie, pour 75 militaires, ont \u00e9t\u00e9 d\u00e9ploy\u00e9s, en plus des patrouilles d\u00e9j\u00e0 en place, pour le plan vigipirate. Nous avons rappel\u00e9 des effectifs en repos. Un dispositif de surveillance sera mis en place dans les centres commerciaux les plus importantes, les gares, les lieux de culte, les \u00e9coles et les institutions. Le dispositif sera adapt\u00e9. Il y aura des surveillances en point fixe, avec la pr\u00e9sence de policiers et gendarmes de mani\u00e8re statique, mais \u00e9galement de mani\u00e8re dynamique avec des patrouilles r\u00e9guli\u00e8res.<\/i>\u201d<\/p>\n<hr class=\"spip\" \/>\n<p><strong>Attentat \u00e0 Charlie Hebdo\u00a0: Hollande d\u00e9cr\u00e8te un deuil national jeudi<\/strong><\/p>\n<p>BFMTV\/AFP, 07\/01\/2015 \u00e0 22h21<\/p>\n<p><i>\u00ab\u00a0Demain sera une journ\u00e9e de deuil national\u00a0\u00bb, a annonc\u00e9 le pr\u00e9sident de la R\u00e9publique lors d\u2019une d\u00e9claration solennelle \u00e0 l\u2019Elys\u00e9e, pr\u00e9cisant que les drapeaux seraient mis en berne pendant trois jours. Il s\u2019agit du cinqui\u00e8me deuil national d\u00e9cr\u00e9t\u00e9 sous la Ve R\u00e9publique, autrement dit, depuis 1958.<\/i><\/p>\n<p>Le pr\u00e9sident Fran\u00e7ois Hollande a annonc\u00e9 une journ\u00e9e de deuil national jeudi en m\u00e9moire des \u00ab\u00a0h\u00e9ros\u00a0\u00bb victimes de l\u2019attentat perp\u00e9tr\u00e9 mercredi contre la r\u00e9daction de Charlie Hebdo, le cinqui\u00e8me deuil national de la Ve R\u00e9publique, dans une allocution solennelle t\u00e9l\u00e9vis\u00e9e prononc\u00e9e \u00e0 l\u2019\u00c9lys\u00e9e.<\/p>\n<p>\u00ab\u00a0<i>Demain sera une journ\u00e9e de deuil national, je l\u2019ai d\u00e9cr\u00e9t\u00e9<\/i>\u00ab\u00a0, a-t-il d\u00e9clar\u00e9, pr\u00e9cisant que les drapeaux seraient mis en berne pendant trois jours. Un d\u00e9cret en ce sens sign\u00e9 du pr\u00e9sident de la R\u00e9publique sera publi\u00e9 jeudi au Journal officiel, a pr\u00e9cis\u00e9 son entourage.<\/p>\n<p>\u00ab\u00a0<i>Je veux ici, en votre nom, dire toute notre reconnaissance aux familles, aux \u00e9prouv\u00e9s, aux bless\u00e9s, aux proches, \u00e0 tous ceux qui sont aujourd\u2019hui meurtris dans leur chair par ce l\u00e2che assassinat<\/i>\u00ab\u00a0, a d\u00e9clar\u00e9 le chef de l\u2019Etat. <strong>\u00ab\u00a0<i>Ce sont aujourd\u2019hui nos h\u00e9ros et c\u2019est pourquoi demain sera une journ\u00e9e de deuil national, je l\u2019ai d\u00e9cr\u00e9t\u00e9<\/i>\u00ab\u00a0<\/strong>, a-t-il encha\u00een\u00e9.<\/p>\n<p><strong>Drapeaux en berne trois jours<\/strong><\/p>\n<p>\u00ab\u00a0<i>Il y aura \u00e0 12 heures un moment de recueillement dans tous les services publics et j\u2019invite toute la population \u00e0 s\u2019y associer<\/i>\u00ab\u00a0, a-t-il poursuivi, pr\u00e9cisant que \u00ab\u00a0<i>les drapeaux seront en berne trois jours<\/i>\u00ab\u00a0.<\/p>\n<p>Fran\u00e7ois Hollande a \u00e9galement annonc\u00e9 qu\u2019il r\u00e9unirait jeudi \u00ab\u00a0<i>les pr\u00e9sidents des deux assembl\u00e9es ainsi que les forces repr\u00e9sent\u00e9es au Parlement pour montrer notre commune d\u00e9termination<\/i>\u00ab\u00a0.<\/p>\n<p>\u00ab\u00a0<strong> <i>Aujourd\u2019hui, c\u2019est la R\u00e9publique toute enti\u00e8re qui a \u00e9t\u00e9 agress\u00e9e<\/i> <\/strong>\u00ab\u00a0, a-t-il lanc\u00e9. \u00ab\u00a0<i>La R\u00e9publique, c\u2019est la libert\u00e9 d\u2019expression, la R\u00e9publique, c\u2019est la culture, c\u2019est la cr\u00e9ation, c\u2019est le pluralisme, c\u2019est la d\u00e9mocratie<\/i>\u00ab\u00a0, a-t-il ajout\u00e9.<\/p>\n<p><strong>Douze morts<\/strong><\/p>\n<p>\u00ab\u00a0<i>C\u2019est \u00e7a qui \u00e9tait vis\u00e9<\/i>\u00ab\u00a0, a-t-il insist\u00e9. Le chef de l\u2019Etat a pr\u00e9cis\u00e9 que onze hommes et une femme avaient \u00e9t\u00e9 tu\u00e9s dans l\u2019attentat. Le procureur de Paris, Fran\u00e7ois Molins, avait annonc\u00e9 plus t\u00f4t un bilan de 12 morts et 11 bless\u00e9s, sans pr\u00e9ciser le sexe des victimes. \u00ab\u00a0<i>Ce l\u00e2che attentat a \u00e9galement tu\u00e9 deux policiers, ceux-l\u00e0 m\u00eame qui \u00e9taient charg\u00e9s de prot\u00e9ger la r\u00e9daction de Charlie Hebdo (&#8230;) journal qui \u00e9tait menac\u00e9 depuis des ann\u00e9es par l\u2019obscurantisme et qui d\u00e9fendait la libert\u00e9 d\u2019expression<\/i>\u00ab\u00a0, a ajout\u00e9 Fran\u00e7ois Hollande.<\/p>\n<p>Il avait ouvert cette intervention de 4 minutes 30, d\u00e9clarant\u00a0: \u00ab\u00a0<strong> <i>aujourd\u2019hui, la France a \u00e9t\u00e9 attaqu\u00e9e en son coeur \u00e0 Paris<\/i> <\/strong>\u00ab\u00a0. \u00ab\u00a0<i>La libert\u00e9 sera toujours plus forte que la barbarie (&#8230;) et rien ne pourra nous faire fl\u00e9chir<\/i>\u00ab\u00a0, a lanc\u00e9 le chef de l\u2019Etat en appelant au \u00ab\u00a0<i>rassemblement sous toutes ses formes<\/i>\u00ab\u00a0.<\/p>\n<hr class=\"spip\" \/>\n<p><strong>\u00ab\u00a0Charlie Hebdo\u00a0\u00bb\u00a0: le deuil national, une d\u00e9cision extr\u00eamement rare<\/strong><\/p>\n<p>Francetv info avec AFP, 07\/01\/2015 | 23:28<\/p>\n<p><i>Fran\u00e7ois Hollande l\u2019a annonc\u00e9 pour jeudi. Ce n\u2019est que la cinqui\u00e8me fois qu\u2019un deuil national est d\u00e9cr\u00e9t\u00e9e sous la Ve R\u00e9publique.<\/i><\/p>\n<p>Apr\u00e8s l\u2019attaque mortelle qui a vis\u00e9 le si\u00e8ge de Charlie Hebdo, mercredi 7 janvier, <strong>Fran\u00e7ois Hollande a annonc\u00e9 une journ\u00e9e de deuil national pour jeudi, pr\u00e9cisant que les drapeaux seront en berne pour trois jours. Il s\u2019agit d\u2019une d\u00e9cision rarissime en France.<\/strong> Ce n\u2019est que la cinqui\u00e8me fois qu\u2019un deuil national est d\u00e9cr\u00e9t\u00e9e sous la Ve R\u00e9publique.<\/p>\n<p><strong>Le dernier remonte au 14 septembre 2001, trois jours apr\u00e8s les attentats aux \u00c9tats-Unis. Le pr\u00e9c\u00e9dent date du 11 janvier 1996, le jour des obs\u00e8ques de Fran\u00e7ois Mitterrand. Celui d\u2019avant remonte au 6 avril 1974, quatre jours apr\u00e8s la mort de Georges Pompidou. Le premier deuil national de la Ve R\u00e9publique date du 12 novembre 1970, trois jours apr\u00e8s la mort la mort du g\u00e9n\u00e9ral de Gaulle.<\/strong><\/p>\n<p><i>Un dispositif flou<\/i><\/p>\n<p>Le deuil national est une d\u00e9cision prise par d\u00e9cret et sign\u00e9 par le chef de l\u2019Etat. <strong>G\u00e9n\u00e9ralement, les drapeaux sont mis en berne et hiss\u00e9s \u00e0 mi-m\u00e2t sur les \u00e9difices publics et les administrations peuvent \u00eatre ferm\u00e9es<\/strong>. Un deuil national peut \u00eatre accompagn\u00e9 d\u2019obs\u00e8ques nationales, notamment lorsqu\u2019il s\u2019agit du d\u00e9c\u00e8s de personnes h\u00e9ro\u00efques ou de personnalit\u00e9s ayant exerc\u00e9 un r\u00f4le moral, politique ou social important dans le pays.<\/p>\n<p>\u00ab\u00a0<i>Normalement, les administrations seront donc ferm\u00e9es [jeudi]<\/i>\u00ab\u00a0, \u00e9crit Le Journal du Dimanche insistant sur le flou du dispositif. De son c\u00f4t\u00e9, Le Monde rappelle qu\u2019\u00a0\u00bb<i>il n\u2019existe pas de codification claire de ce qui est entrepris ou mis en place pour marquer le deuil de la nation<\/i>\u00ab\u00a0.<\/p>\n<p><strong>Pour jeudi, Fran\u00e7ois Hollande a demand\u00e9 \u00ab\u00a0<i>\u00e0 l\u2019ensemble des personnels ainsi qu\u2019\u00e0 l\u2019ensemble des \u00e9l\u00e8ves et \u00e9tudiants de respecter, jeudi 8 janvier \u00e0 midi, une minute de silence en hommage aux victimes<\/i>\u00ab\u00a0<\/strong>, annonce le minist\u00e8re de l\u2019Education nationale.<\/p>\n<hr class=\"spip\" \/>\n<p><strong>Charlie Hebdo\u00a0: tous les responsables politiques re\u00e7us \u00e0 l\u2019Elys\u00e9e<\/strong><\/p>\n<p>Le Parisien, 07 Janv. 2015, 23h12<\/p>\n<p><i>C\u2019est l\u2019union sacr\u00e9e des dirigeants politiques apr\u00e8s l\u2019attentat qui a vis\u00e9 Charlie Hebdo et la libert\u00e9 d\u2019expression en g\u00e9n\u00e9ral, mercredi matin \u00e0 Paris.<\/i><\/p>\n<p><strong>Apr\u00e8s l\u2019appel \u00e0 l\u2019unit\u00e9, lanc\u00e9 au plus haut sommet de l\u2019Etat, et \u00e0 une marche r\u00e9publicaine samedi, le chef de l\u2019Etat doit recevoir le patron de l\u2019UMP Nicolas Sarkozy ce jeudi matin \u00e0 9h30 et les pr\u00e9sidents des deux assembl\u00e9es, le PS Claude Bartolone (Assembl\u00e9e nationale) et l\u2019UMP G\u00e9rard Larcher (S\u00e9nat) ainsi que les responsables des formations politiques disposant d\u2019un groupe politique au Parlement (PS, PCF, PRG, EELV, UMP, UDI).<\/strong><\/p>\n<p><i>Une marche r\u00e9publicaine samedi<\/i><\/p>\n<p>Dans une d\u00e9claration solennelle depuis le si\u00e8ge de l\u2019UMP, l\u2019ex-chef de l\u2019Etat avait exprim\u00e9 en tout d\u00e9but d\u2019apr\u00e8s-midi sa \u00ab\u00a0profonde \u00e9motion\u00a0\u00bb, appelant \u00ab\u00a0<i>tous les Fran\u00e7ais \u00e0 refuser la tentation de l\u2019amalgame et \u00e0 pr\u00e9senter un front uni face au terrorisme, \u00e0 la barbarie et aux assassins<\/i>\u00a0\u00bb. Il a \u00e9galement \u00e9voqu\u00e9 un \u00ab\u00a0<i>imp\u00e9ratif d\u2019unit\u00e9 nationale<\/i>\u00a0\u00bb auquel \u00ab\u00a0<i>nul ne peut et ne doit se soustraire<\/i>\u00a0\u00bb au sein de la classe politique fran\u00e7aise.<\/p>\n<p>Le Premier ministre Manuel Valls a par ailleurs invit\u00e9 le pr\u00e9sident de l\u2019UMP \u00e0 participer, samedi \u00e0 Paris, \u00e0 une manifestation en hommage aux victimes de l\u2019attaque.<\/p>\n<p><strong>Fran\u00e7ois Hollande recevra \u00e9galement vendredi les principaux dirigeants des partis politiques ne disposant pas d\u2019un groupe au Parlement comme Marine Le Pen (FN), Fran\u00e7ois Bayrou (MoDem) et Jean-Luc M\u00e9lenchon (Parti de gauche).<\/strong><\/p>\n<p>Une c\u00e9r\u00e9monie d\u2019hommage et de recueillement aux douze victimes de l\u2019attentat contre Charlie Hebdo se d\u00e9roulera jeudi midi dans la cour d\u2019honneur de l\u2019Assembl\u00e9e nationale, dans le cadre de la <strong>journ\u00e9e de deuil national d\u00e9cr\u00e9t\u00e9 par Fran\u00e7ois Hollande.<\/strong><\/p>\n<p>De son c\u00f4t\u00e9, Fran\u00e7ois Hollande observera jeudi \u00e0 midi \u00e0 la Pr\u00e9fecture de police de Paris, endeuill\u00e9e par la mort de deux policiers, le \u00ab\u00a0moment de recueillement\u00a0\u00bb pr\u00e9vu dans l\u2019ensemble des services publics apr\u00e8s cette attaque sanglante.<\/p>\n<\/div>\n<p><a class=\"nettoyeur\" title=\"JPEG - 132.1 ko\" href=\"http:\/\/cettesemaine.info\/breves\/IMG\/jpg\/2-44.jpg\"><img loading=\"lazy\" decoding=\"async\" class=\"spip_logos\" src=\"http:\/\/cettesemaine.info\/breves\/local\/cache-vignettes\/L220xH110\/2-44-21cfe-9de1c.jpg\" alt=\"\" width=\"220\" height=\"110\" \/><\/a><\/div>\n<\/div>\n<\/div>\n<\/div>\n<div id=\"extra\">\n<div class=\"cadre-couleur\">\n<div class=\"ajaxbloc bind-ajaxReload\">\n<div class=\"texte documents-article\">\n<ul>\n<li>\n<div class=\"titre-doc\" align=\"left\"><\/div>\n<\/li>\n<\/ul>\n<div class=\"nettoyeur\"><\/div>\n<\/div>\n<\/div>\n<\/div>\n<\/div>\n","protected":false},"excerpt":{"rendered":"<p>aussi on avait\u00a0 publi\u00e9 apr\u00e8s la mort de R\u00e9mi Fraisse un texte avec un lien vers un texte de\u00a0Ren\u00e9 Riesel et Jacques Philipponneau, au dessus du volcan \u00a0ce texte ci dessous est reprisd&rsquo;ici Attentat \u00e0 Charlie Hebdo\u00a0: 650 militaires et 2000 policiers en plus jeudi \u00e0 Paris Le Parisien, 08 Janv. 2015, 00h35 La pr\u00e9fecture [&hellip;]<\/p>\n","protected":false},"author":7964,"featured_media":0,"comment_status":"closed","ping_status":"closed","sticky":false,"template":"","format":"standard","meta":{"footnotes":""},"categories":[1],"tags":[],"class_list":["post-1124","post","type-post","status-publish","format-standard","hentry","category-general"],"_links":{"self":[{"href":"https:\/\/lelaboratoireanarchiste.noblogs.org\/index.php?rest_route=\/wp\/v2\/posts\/1124","targetHints":{"allow":["GET"]}}],"collection":[{"href":"https:\/\/lelaboratoireanarchiste.noblogs.org\/index.php?rest_route=\/wp\/v2\/posts"}],"about":[{"href":"https:\/\/lelaboratoireanarchiste.noblogs.org\/index.php?rest_route=\/wp\/v2\/types\/post"}],"author":[{"embeddable":true,"href":"https:\/\/lelaboratoireanarchiste.noblogs.org\/index.php?rest_route=\/wp\/v2\/users\/7964"}],"replies":[{"embeddable":true,"href":"https:\/\/lelaboratoireanarchiste.noblogs.org\/index.php?rest_route=%2Fwp%2Fv2%2Fcomments&post=1124"}],"version-history":[{"count":6,"href":"https:\/\/lelaboratoireanarchiste.noblogs.org\/index.php?rest_route=\/wp\/v2\/posts\/1124\/revisions"}],"predecessor-version":[{"id":1130,"href":"https:\/\/lelaboratoireanarchiste.noblogs.org\/index.php?rest_route=\/wp\/v2\/posts\/1124\/revisions\/1130"}],"wp:attachment":[{"href":"https:\/\/lelaboratoireanarchiste.noblogs.org\/index.php?rest_route=%2Fwp%2Fv2%2Fmedia&parent=1124"}],"wp:term":[{"taxonomy":"category","embeddable":true,"href":"https:\/\/lelaboratoireanarchiste.noblogs.org\/index.php?rest_route=%2Fwp%2Fv2%2Fcategories&post=1124"},{"taxonomy":"post_tag","embeddable":true,"href":"https:\/\/lelaboratoireanarchiste.noblogs.org\/index.php?rest_route=%2Fwp%2Fv2%2Ftags&post=1124"}],"curies":[{"name":"wp","href":"https:\/\/api.w.org\/{rel}","templated":true}]}}