{"id":1116,"date":"2015-01-07T12:53:12","date_gmt":"2015-01-07T11:53:12","guid":{"rendered":"http:\/\/lelaboratoireanarchiste.noblogs.org\/?p=1116"},"modified":"2015-01-07T13:03:27","modified_gmt":"2015-01-07T12:03:27","slug":"valencenouveau-centre-penitentiaire-remise-des-clefs-en-juin-2015-nous-nous-sommes-contre-la-prison","status":"publish","type":"post","link":"https:\/\/lelaboratoireanarchiste.noblogs.org\/?p=1116","title":{"rendered":"[Valence]Nouveau centre p\u00e9nitentiaire remise des clefs en juin 2015 .Nous nous  sommes contre la prison."},"content":{"rendered":"<p><strong>La remise des clefs l&rsquo;administration p\u00e9nitentiaire du centre p\u00e9nitentieire de valence doit avoir lieu\u00a0 en juin 2015 d&rsquo;apr\u00e8s la <a title=\"Nouveau centre p\u00e9nitentiaire de Valence : les clefs remises en juin\" href=\"http:\/\/regions.glowbi.net\/nouveau-centre-penitentiaire-de-valence-les-clefs-remises-en-juin\">presse locale<\/a> . C&rsquo;est \u00e0 dire c&rsquo;est\u00a0 la fin des travaux des batiments.<br \/>\n<\/strong><\/p>\n<p><strong><img loading=\"lazy\" decoding=\"async\" class=\"cboxPhoto\" src=\"http:\/\/cettesemaine.info\/breves\/IMG\/jpg\/affichea2.jpg\" alt=\"\" width=\"519\" height=\"735\" \/><\/strong><\/p>\n<p><span style=\"color: #ff6600\"><strong><a style=\"color: #ff6600\" href=\"https:\/\/cestdejatoutdesuite.noblogs.org\/files\/2015\/01\/affiche-nous-sommes-contre-la-prison.pdf\">\u00a0en PDF Affiche \u00e0 imprimer, s\u00e9rigraphier, coller\u2026Texte \u00e0 imprimer, s\u00e9rigraphier, coller<\/a>\u2026<\/strong><\/span><\/p>\n<p><strong><span style=\"color: #000000\">Nous sommes contre la prison<\/span><\/strong><\/p>\n<p><strong>Nous sommes contre la prison<\/strong> parce qu\u2019elle est n\u00e9e et s\u2019est d\u00e9velopp\u00e9e pour d\u00e9fendre les privil\u00e8ges des riches et des puissants.<\/p>\n<p><strong>Nous sommes contre la prison<\/strong> parce qu\u2019elle est une menace au dessus de toutes les t\u00eates qui sortent du rang, pour les forcer \u00e0 accepter les r\u00e8gles d\u2019un jeu qu\u2019elles n\u2019ont pas choisi.<\/p>\n<p><strong>Nous sommes contre la prison<\/strong> parce que le sens de justice et d\u2019\u00e9quit\u00e9 ne seront jamais contenus dans aucun code p\u00e9nal.<\/p>\n<p><strong>Nous sommes contre la prison<\/strong> parce que les r\u00e8gles de cette soci\u00e9t\u00e9 sont bas\u00e9es sur le fric et la comp\u00e9tition et que nous voulons un monde bas\u00e9 sur la solidarit\u00e9 et la libert\u00e9. Un monde dans lequel les accords r\u00e9ciproques sont les fondements du vivre ensemble.<\/p>\n<p><strong>Nous sommes contre la prison<\/strong> parce que rien de bon n\u2019a jamais grandi sur la punition et la soumission.<\/p>\n<p><strong>Nous sommes contre la prison<\/strong> parce que les pourris sont ceux qui en d\u00e9tiennent les cl\u00e9s.<\/p>\n<p><strong>Nous sommes contre la prison<\/strong> parce qu\u2019elle nous a arrach\u00e9 trop de jours, de mois, d\u2019ann\u00e9es ou d\u2019ami.e.s, d\u2019inconnu.e.s, de compagnon.ne.s.<\/p>\n<p><strong>Nous sommes contre la prison<\/strong> parce que le bruit de la clef dans la serrure d\u2019une cellule est une torture quotidienne, l\u2019isolement une abomination, la fin de la visite une souffrance, le temps enferm\u00e9 un sablier qui tue \u00e0 petit feux.<\/p>\n<p><strong>Nous sommes contre la prison<\/strong> parce que nous voulons changer radicalement cette soci\u00e9t\u00e9, pas nous int\u00e9grer pacifiquement dans ses m\u00e9tropoles, ses quartiers d\u2019affaires s\u00e9curis\u00e9s, ses places aseptis\u00e9es et ses supermarch\u00e9s.<\/p>\n<p><strong>Nous sommes contre la prison<\/strong> parce qu\u2019une soci\u00e9t\u00e9 qui a besoin d\u2019enfermer et d\u2019humilier est elle-m\u00eame une prison.<\/p>\n<div class=\"entry-content\">\n<div class=\"article\">\n<p>_______________________________________<\/p>\n<p>[Publi\u00e9 sur <span style=\"color: #ff6600\"><a style=\"color: #ff6600\" href=\"https:\/\/nantes.indymedia.org\/articles\/30838\">Indymedia Nantes<\/a><\/span> le 1er janvier 2015]<\/p>\n<\/div>\n<\/div>\n","protected":false},"excerpt":{"rendered":"<p>La remise des clefs l&rsquo;administration p\u00e9nitentiaire du centre p\u00e9nitentieire de valence doit avoir lieu\u00a0 en juin 2015 d&rsquo;apr\u00e8s la presse locale . C&rsquo;est \u00e0 dire c&rsquo;est\u00a0 la fin des travaux des batiments. \u00a0en PDF Affiche \u00e0 imprimer, s\u00e9rigraphier, coller\u2026Texte \u00e0 imprimer, s\u00e9rigraphier, coller\u2026 Nous sommes contre la prison Nous sommes contre la prison parce qu\u2019elle [&hellip;]<\/p>\n","protected":false},"author":7964,"featured_media":0,"comment_status":"closed","ping_status":"closed","sticky":false,"template":"","format":"standard","meta":{"footnotes":""},"categories":[1],"tags":[],"class_list":["post-1116","post","type-post","status-publish","format-standard","hentry","category-general"],"_links":{"self":[{"href":"https:\/\/lelaboratoireanarchiste.noblogs.org\/index.php?rest_route=\/wp\/v2\/posts\/1116","targetHints":{"allow":["GET"]}}],"collection":[{"href":"https:\/\/lelaboratoireanarchiste.noblogs.org\/index.php?rest_route=\/wp\/v2\/posts"}],"about":[{"href":"https:\/\/lelaboratoireanarchiste.noblogs.org\/index.php?rest_route=\/wp\/v2\/types\/post"}],"author":[{"embeddable":true,"href":"https:\/\/lelaboratoireanarchiste.noblogs.org\/index.php?rest_route=\/wp\/v2\/users\/7964"}],"replies":[{"embeddable":true,"href":"https:\/\/lelaboratoireanarchiste.noblogs.org\/index.php?rest_route=%2Fwp%2Fv2%2Fcomments&post=1116"}],"version-history":[{"count":7,"href":"https:\/\/lelaboratoireanarchiste.noblogs.org\/index.php?rest_route=\/wp\/v2\/posts\/1116\/revisions"}],"predecessor-version":[{"id":1123,"href":"https:\/\/lelaboratoireanarchiste.noblogs.org\/index.php?rest_route=\/wp\/v2\/posts\/1116\/revisions\/1123"}],"wp:attachment":[{"href":"https:\/\/lelaboratoireanarchiste.noblogs.org\/index.php?rest_route=%2Fwp%2Fv2%2Fmedia&parent=1116"}],"wp:term":[{"taxonomy":"category","embeddable":true,"href":"https:\/\/lelaboratoireanarchiste.noblogs.org\/index.php?rest_route=%2Fwp%2Fv2%2Fcategories&post=1116"},{"taxonomy":"post_tag","embeddable":true,"href":"https:\/\/lelaboratoireanarchiste.noblogs.org\/index.php?rest_route=%2Fwp%2Fv2%2Ftags&post=1116"}],"curies":[{"name":"wp","href":"https:\/\/api.w.org\/{rel}","templated":true}]}}