{"id":10845,"date":"2018-01-07T08:33:14","date_gmt":"2018-01-07T07:33:14","guid":{"rendered":"https:\/\/lelaboratoireanarchiste.noblogs.org\/?p=10845"},"modified":"2018-01-07T08:34:18","modified_gmt":"2018-01-07T07:34:18","slug":"italie-breves-dactions-directes-contre-larmee-les-flics-les-frontieres","status":"publish","type":"post","link":"https:\/\/lelaboratoireanarchiste.noblogs.org\/?p=10845","title":{"rendered":"Italie : Br\u00e8ves d\u2019actions directes contre l\u2019arm\u00e9e, les flics, les fronti\u00e8res\u2026"},"content":{"rendered":"<p><a href=\"https:\/\/sansattendre.noblogs.org\/post\/2018\/01\/05\/italie-breves-dactions-directes-contre-larmee-les-flics-les-frontieres-et-les-prisons\">sans attendredemain \u00a0<\/a>\u00a0 \/ 5 janvier 2018<\/p>\n<div class=\"entry-meta\"><\/div>\n<div class=\"entry-content\">\n<p><em><strong>Voici quelques traces d\u2019attaques directes et de d\u00e9sordre<\/strong><\/em><em><strong> en Italie<\/strong><\/em><em><strong> contre diverses facettes de ce monde, qui ont pour la plupart eu lieu entre No\u00ebl et Nouvel An.<\/strong><\/em><\/p>\n<p><strong>Turin, 1er janvier 2018: d\u00e9gradations des voitures priv\u00e9es des flics de la mairie<\/strong>. Au cours de la nuit, plusieurs voitures personnelles des flics de la municipalit\u00e9, gar\u00e9es via Bologna et reconnaissables par le coupon de la police municipale, ont \u00e9t\u00e9 vandalis\u00e9es: pare-brises cass\u00e9s, rayures sur la carrosserie, sauts sur le capot. Il semblerait que deux personnes ont \u00e9t\u00e9 rep\u00e9r\u00e9es par les cam\u00e9ras de surveillance de la ville. Mais les deux avaient pris le temps de bien se dissimuler le visage avant d\u2019attaquer, condition<em> sine qua non<\/em> pour se prot\u00e9ger un minimum de la r\u00e9pression). Pour un nouvel an joyeux et voyou !<\/p>\n<p><a href=\"https:\/\/www.autistici.org\/macerie\/?p=32881\" target=\"_blank\" rel=\"noopener\">Source<\/a><\/p>\n<hr \/>\n<p><strong>Milan, 1er janvier 2018<\/strong>: la presse locale nous apprend que cette ann\u00e9e, \u00ab\u00a0le Sapin de la L\u00e9galit\u00e9\u00a0\u00bb, d\u00e9cor\u00e9 par \u00ab\u00a0L\u2019association des Policiers Italiens de la Piazza Ferrara\u00a0\u00bb, au coeur de Corvetto, n\u2019est pas appr\u00e9ci\u00e9: au cours de la nuit de la St-Sylvestre, un groupe de gens l\u2019a livr\u00e9 aux flammes.<\/p>\n<p><a href=\"https:\/\/roundrobin.info\/2018\/01\/milano-danneggiamento-labete-dei-poliziotti-italiani\/\" target=\"_blank\" rel=\"noopener\">Source<\/a><\/p>\n<hr \/>\n<p><strong>Milan, 31 d\u00e9cembre 2017<\/strong> : vers 21h, un cort\u00e8ge sauvage s\u2019est form\u00e9 et a d\u00e9ambul\u00e9 autour de la prison de San Vittore. Quelques personnes de la manif ont pos\u00e9 plusieurs tags pour les d\u00e9tenus sur les murs de la taule et peu apr\u00e8s, une des plus farceuses de la bande a introduit un puissant p\u00e9tard dans la bo\u00eete aux lettres du local des surveillants de la prison: deux matons \u00e9taient pr\u00e9sents, les rendant sourds quelques instants et n\u00e9cessitant un contr\u00f4le auditif \u00e0 l\u2019h\u00f4pital. Ils en sont ressortis avec un arr\u00eat de travail de 10 jours.<\/p>\n<p><a href=\"https:\/\/roundrobin.info\/2018\/01\/milano-capodanno-san-vittore-scritte-sui-muri-petardi-secondini\/\" target=\"_blank\" rel=\"noopener\">Source<\/a><\/p>\n<hr \/>\n<p><strong>Montichiari\u00b9, courant d\u00e9cembre 2017 et d\u00e9but janvier 2018<\/strong> : les journaux locaux nous apprennent que le monument \u00e0 la gloire de l\u2019arm\u00e9e des Carabinieri, \u00e9difi\u00e9 dans le parc \u00ab\u00a0Caduti di Nassiriya\u00a0\u00bb, a \u00e9t\u00e9 vandalis\u00e9 \u00e0 trois reprises en l\u2019espace de moins d\u2019un mois : <strong>entre le 16 et le 17 d\u00e9cembre<\/strong>, un tag disant \u00ab\u00a0Carabineri alla linea\u00a0\u00bb est inscrit \u00e0 la base du monument. L\u2019action est revendiqu\u00e9e par des anarchistes. <strong>Dans la nuit du 30 au 31 d\u00e9cembre<\/strong>, la plaque de marbre en m\u00e9moire des Carabinieri est bris\u00e9e. Enfin, <strong>dans la nuit du 3 au 4 janvier 2018,<\/strong> un tag disant \u00a0\u00bb Parc Carlo Giuliani\u00b2 \u2013 Flics assassins\u00a0\u00bbest pos\u00e9 sur le monument. Apparemment, le syst\u00e8me de vid\u00e9o-surveillance du parc ne fonctionne pas et il sera donc difficile de retrouver les responsables.<\/p>\n<p><a href=\"https:\/\/roundrobin.info\/2018\/01\/montichiari-danni-scritte-monumento-dei-carabinieri\/\" target=\"_blank\" rel=\"noopener\">Source<\/a><\/p>\n<hr \/>\n<p><strong>Assemini (Sardaigne) et Cagliari : les incendies contre les complices de l\u2019arm\u00e9e commencent \u00e0 se faire sentir\u2026<\/strong><\/p>\n<p><strong><a href=\"https:\/\/nobordersard.wordpress.com\/2017\/12\/26\/fuoco-ai-complici-della-guerra-attaccato-mezzo-della-vitrociset\/\" target=\"_blank\" rel=\"noopener\">Peu avant No\u00ebl \u00e0 Cagliari<\/a><\/strong>, un v\u00e9hicule de l\u2019entreprise VITROCISET, un collabo notoire de l\u2019arm\u00e9e, est parti en fum\u00e9e.<\/p>\n<p><img loading=\"lazy\" decoding=\"async\" class=\"alignright size-medium wp-image-1866\" src=\"https:\/\/sansattendre.noblogs.org\/files\/2018\/01\/Assemini-Sardegna-Bruciata-autogr\u00f9-dei-F.lli-Rubino-ditta-appaltatrice-dellesercito-1-300x187.jpeg\" alt=\"\" width=\"300\" height=\"187\" \/>Dans un article en date du 9.12.2017, la presse nous apprend qu\u2019il y a eu plusieurs attaques incendiaires contre l\u2019entreprise des fr\u00e8res Rubino (RubinoGru sas), une des soci\u00e9t\u00e9s sous contrat avec l\u2019arm\u00e9e italienne. <strong>Le 30 septembre 2017 \u00e0 Assemini<\/strong>, en Sardaigne, un des gros v\u00e9hicules de la compagnie (une grue mobile) a \u00e9t\u00e9 volontairement d\u00e9truit par le feu. Les dommages s\u2019\u00e9l\u00e8veraient \u00e0 plus de 10.000 euros. Les journaflics ajoutent que cette attaque incendiaire n\u2019a jamais \u00e9t\u00e9 revendiqu\u00e9e, ni sur la toile ni aupr\u00e8s des m\u00e9dias. Cet incendie fait apparemment partie d\u2019une longue liste de sabotages incendiaires similaires, puisque les journaux aux ordres des flics et du capital en \u00e9voquent d\u2019autres qui se sont d\u00e9roul\u00e9s dans les semaines pr\u00e9c\u00e9dentes, s\u2019\u00e9levant \u00e0 plusieurs millions d\u2019euros de dommages.<\/p>\n<p>La Sardaigne est, depuis les ann\u00e9es 50, un gigantesque champ d\u2019entra\u00eenement militaire pour les arm\u00e9es des Etats. L\u2019Otan et diverses arm\u00e9es du monde effectuent des essais militaires en Sardaigne, conduisant \u00e0 un saccage en r\u00e8gle du territoire et \u00e0 une pollution environnementale accrue. Depuis plusieurs ann\u00e9es, divers groupes s\u2019organisent pour lutter contre ces exercices militaires.<\/p>\n<p><img loading=\"lazy\" decoding=\"async\" class=\"aligncenter size-full wp-image-1867\" src=\"https:\/\/sansattendre.noblogs.org\/files\/2018\/01\/Assemini-Sardegna-Bruciata-autogr\u00f9-dei-F.lli-Rubino-ditta-appaltatrice-dellesercito.jpeg\" alt=\"\" width=\"500\" height=\"389\" \/><\/p>\n<p>Un article de <del>Courrier International<\/del> en date du 08.09.2014 fait \u00e9tat d\u2019un gigantesque incendie provoqu\u00e9 par un exercice de l\u2019arm\u00e9e allemande: le 4 septembre 2014, \u00ab\u00a0en milieu d\u2019apr\u00e8s-midi, un essai de tir de l\u2019aviation allemande sur la base militaire de Capo Frasca (dans le Golfe d\u2019Oristano sur la c\u00f4te ouest de l\u2019\u00eele) \u201ca provoqu\u00e9 un important incendie qui a d\u00e9truit 35 hectares de maquis m\u00e9diterran\u00e9en de grande qualit\u00e9\u201d, rapporte <del><em>Il Manifesto<\/em><\/del>. Le feu n\u2019aurait \u00e9t\u00e9 ma\u00eetris\u00e9 que dans la soir\u00e9e. D\u2019apr\u00e8s plusieurs quotidiens italiens, la pol\u00e9mique a \u00e9clat\u00e9 notamment \u00e0 cause de la gestion catastrophique de l\u2019incendie. Les miliaires de la base auraient en effet refus\u00e9 d\u2019accompagner les \u00e9quipes terrestres du corps forestier pour leur indiquer les zones \u00e0 risque d\u2019explosion, les obligeant \u00e0 utiliser \u2013 tardivement \u2013 un\u00a0h\u00e9licopt\u00e8re.<\/p>\n<p><a href=\"https:\/\/nobordersard.wordpress.com\/2017\/12\/20\/bruciata-autogru-dei-f-lli-rubino\/\" target=\"_blank\" rel=\"noopener\">Source<\/a><\/p>\n<hr \/>\n<p><strong>Saronno (Lombardie), nuit du 24 au 25 d\u00e9cembre 2017 : Tags contre la soci\u00e9t\u00e9 marchande et la r\u00e9pression<\/strong><\/p>\n<p>Les journaux font part d\u2019une balade particuli\u00e8re dans les rues commer\u00e7antes du centre-ville le soir de No\u00ebl. Plut\u00f4t que de laisser des cadeaux, les anonymes ont tagu\u00e9 des slogans contre la consommation et la r\u00e9pression. Parmi les magasins cibl\u00e9s, on compte un \u00ab\u00a0United Color of Benetton\u00a0\u00bb, dont ses vitres ont \u00e9t\u00e9 tagu\u00e9es de slogans: \u00ab\u00a0Assassins\u00a0\u00bb, \u00ab\u00a0Santiago vit !\u00a0\u00bb et\u00a0\u00bbMort au capitalisme\u00a0\u00bb.<\/p>\n<div id=\"attachment_1868\" class=\"wp-caption aligncenter\">\n<p><img loading=\"lazy\" decoding=\"async\" class=\"size-full wp-image-1868\" src=\"https:\/\/sansattendre.noblogs.org\/files\/2018\/01\/Saronno-Scritte-e-detournement-sui-negozi-del-centro-1-768x432-e1515167368783.jpg\" alt=\"\" width=\"640\" height=\"360\" \/><\/p>\n<p class=\"wp-caption-text\">\u00ab\u00a0Abattons les fronti\u00e8res\u00a0\u00bb<\/p>\n<\/div>\n<div id=\"attachment_1869\" class=\"wp-caption aligncenter\">\n<p><img loading=\"lazy\" decoding=\"async\" class=\"size-full wp-image-1869\" src=\"https:\/\/sansattendre.noblogs.org\/files\/2018\/01\/Saronno-Scritte-e-detournement-sui-negozi-del-centro-768x576-e1515167534787.jpg\" alt=\"\" width=\"640\" height=\"480\" \/><\/p>\n<p class=\"wp-caption-text\">\u00ab\u00a0Saccage le luxe\u00a0\u00bb<\/p>\n<\/div>\n<div id=\"attachment_1870\" class=\"wp-caption aligncenter\">\n<p><img loading=\"lazy\" decoding=\"async\" class=\"size-full wp-image-1870\" src=\"https:\/\/sansattendre.noblogs.org\/files\/2018\/01\/Saronno-Scritte-detournement-sui-negozi-del-centro-768x576-e1515167906944.jpg\" alt=\"\" width=\"640\" height=\"480\" \/><\/p>\n<p class=\"wp-caption-text\">\u00ab\u00a0Contre l\u2019Etat et le capital, je veux une mitraillette pour No\u00ebl\u00a0\u00bb<\/p>\n<\/div>\n<hr \/>\n<h5>NdT:<\/h5>\n<h5>\u00b9Ville et commune de Brescia, en Lombardie<\/h5>\n<\/div>\n","protected":false},"excerpt":{"rendered":"<p>sans attendredemain \u00a0\u00a0 \/ 5 janvier 2018 Voici quelques traces d\u2019attaques directes et de d\u00e9sordre en Italie contre diverses facettes de ce monde, qui ont pour la plupart eu lieu entre No\u00ebl et Nouvel An. Turin, 1er janvier 2018: d\u00e9gradations des voitures priv\u00e9es des flics de la mairie. Au cours de la nuit, plusieurs voitures [&hellip;]<\/p>\n","protected":false},"author":7964,"featured_media":0,"comment_status":"closed","ping_status":"closed","sticky":false,"template":"","format":"standard","meta":{"footnotes":""},"categories":[1],"tags":[],"class_list":["post-10845","post","type-post","status-publish","format-standard","hentry","category-general"],"_links":{"self":[{"href":"https:\/\/lelaboratoireanarchiste.noblogs.org\/index.php?rest_route=\/wp\/v2\/posts\/10845","targetHints":{"allow":["GET"]}}],"collection":[{"href":"https:\/\/lelaboratoireanarchiste.noblogs.org\/index.php?rest_route=\/wp\/v2\/posts"}],"about":[{"href":"https:\/\/lelaboratoireanarchiste.noblogs.org\/index.php?rest_route=\/wp\/v2\/types\/post"}],"author":[{"embeddable":true,"href":"https:\/\/lelaboratoireanarchiste.noblogs.org\/index.php?rest_route=\/wp\/v2\/users\/7964"}],"replies":[{"embeddable":true,"href":"https:\/\/lelaboratoireanarchiste.noblogs.org\/index.php?rest_route=%2Fwp%2Fv2%2Fcomments&post=10845"}],"version-history":[{"count":2,"href":"https:\/\/lelaboratoireanarchiste.noblogs.org\/index.php?rest_route=\/wp\/v2\/posts\/10845\/revisions"}],"predecessor-version":[{"id":10847,"href":"https:\/\/lelaboratoireanarchiste.noblogs.org\/index.php?rest_route=\/wp\/v2\/posts\/10845\/revisions\/10847"}],"wp:attachment":[{"href":"https:\/\/lelaboratoireanarchiste.noblogs.org\/index.php?rest_route=%2Fwp%2Fv2%2Fmedia&parent=10845"}],"wp:term":[{"taxonomy":"category","embeddable":true,"href":"https:\/\/lelaboratoireanarchiste.noblogs.org\/index.php?rest_route=%2Fwp%2Fv2%2Fcategories&post=10845"},{"taxonomy":"post_tag","embeddable":true,"href":"https:\/\/lelaboratoireanarchiste.noblogs.org\/index.php?rest_route=%2Fwp%2Fv2%2Ftags&post=10845"}],"curies":[{"name":"wp","href":"https:\/\/api.w.org\/{rel}","templated":true}]}}