{"id":10832,"date":"2018-01-06T00:02:35","date_gmt":"2018-01-05T23:02:35","guid":{"rendered":"https:\/\/lelaboratoireanarchiste.noblogs.org\/?p=10832"},"modified":"2018-01-06T00:10:15","modified_gmt":"2018-01-05T23:10:15","slug":"retour-sur-le-3e-forum-social-mondial-antinucleaire","status":"publish","type":"post","link":"https:\/\/lelaboratoireanarchiste.noblogs.org\/?p=10832","title":{"rendered":"Retour sur le 3e Forum social mondial antinucl\u00e9aire&#8230;&#8230;"},"content":{"rendered":"<p class=\"western\" style=\"text-align: left\" align=\"center\"><span style=\"font-family: Calibri, sans-serif\"><span style=\"font-size: large\">[re\u00e7u par mail]<\/span><\/span><span style=\"font-family: Calibri, sans-serif\"><span style=\"font-size: large\"><br \/>\n<\/span><\/span><\/p>\n<p class=\"western\"><span style=\"font-family: Calibri, sans-serif\">Du 2 au 4 novembre 2017 s&rsquo;est tenu \u00e0 Paris le 3<\/span><sup><span style=\"font-family: Calibri, sans-serif\">e<\/span><\/sup><span style=\"font-family: Calibri, sans-serif\"> FSM antinucl\u00e9aire, faisant suite \u00e0 celui de Tokyo en 2015 et de Montr\u00e9al en 2016. Il s&rsquo;est prolong\u00e9 par une visite group\u00e9e \u00e0 Bure (\u00e0 la Maison de la R\u00e9sistance et au Bois Lejuc), le dimanche 5.<\/span><\/p>\n<p class=\"western\"><span style=\"font-family: Calibri, sans-serif\">Plus de 400 personnes y ont particip\u00e9, dont une petite centaine venues de vingt autres pays: Allemagne, Autriche, Belgique, Bi\u00e9lorussie, Br\u00e9sil, Canada, Espagne, \u00c9tats-Unis, Finlande, Grande-Bretagne, Inde, Japon, Mexique, Niger, Pays-Bas, Portugal, Russie, Suisse, Turquie, Ukraine. La plupart des organisateurs s&rsquo;accordent, malgr\u00e9 quelques r\u00e9serves, \u00e0 le consid\u00e9rer comme un succ\u00e8s.<\/span><\/p>\n<p class=\"western\"><span style=\"font-family: Calibri, sans-serif\"><b>Un gros boulot d&rsquo;organisation<\/b><\/span><\/p>\n<p class=\"western\"><span style=\"font-family: Calibri, sans-serif\">La douzaine de membres du \u00ab\u00a0comit\u00e9 de facilitation\u00a0\u00bb, qui (apr\u00e8s d\u00e9litement de \u00ab\u00a0l&rsquo;assembl\u00e9e permanente\u00a0\u00bb d\u00e9cid\u00e9e en 2016) a assum\u00e9 le gros travail d&rsquo;organisation pr\u00e9alable pendant un an, provenait d&rsquo;organisations et collectifs divers, miroir de l&rsquo;\u00e9tat de fragmentation de la mouvance antinucl\u00e9aire fran\u00e7aise. Ils ont vite choisi d&rsquo;\u00e9viter les d\u00e9bats politiques de fond (entre les r\u00e9seaux Sortir du nucl\u00e9aire et Arr\u00eat du nucl\u00e9aire notamment) pour favoriser le travail commun. Fait remarquable, il y avait dans ce comit\u00e9 des membres de syndicats (SNU-FSU, Solidaires) et d&rsquo;association (Attac) ayant commenc\u00e9 \u00e0 s&rsquo;interroger, voire \u00e0 prendre position contre le nucl\u00e9aire. Ce qui a un peu \u00e9largi l&rsquo;audience militante du forum, et surtout permis, gr\u00e2ce \u00e0 Solidaires, d&rsquo;obtenir gratuitement les locaux de la Bourse du Travail, au c\u0153ur de Paris.<\/span><\/p>\n<p class=\"western\"><span style=\"font-family: Calibri, sans-serif\">Le financement a \u00e9t\u00e9 assur\u00e9 exclusivement par les inscriptions, les cotisations des orgas participantes et les dons. Il a permis de payer un poste de travail technique pendant les derniers mois de pr\u00e9paration. L&rsquo;h\u00e9bergement a \u00e9t\u00e9 assur\u00e9 par les Parisiens, les questions d&rsquo;intendance r\u00e9gl\u00e9es avec l&rsquo;aide compl\u00e9mentaire de quelques b\u00e9n\u00e9voles. Un collectif d&rsquo;interpr\u00e8tes, venu \u00e9quip\u00e9 de mat\u00e9riel, a assur\u00e9 b\u00e9n\u00e9volement, avec comp\u00e9tence et discr\u00e9tion, la traduction simultan\u00e9e des interventions dans les r\u00e9unions pl\u00e9ni\u00e8res et certains ateliers.<\/span><\/p>\n<p class=\"western\"><span style=\"font-family: Calibri, sans-serif\">Une soixantaine d&rsquo;ateliers ayant \u00e9t\u00e9 propos\u00e9s par des groupes divers, il a fallu pousser les propositions portant sur des sujets similaires \u00e0 fusionner, ce qui a oblig\u00e9 des groupes qui ne se connaissaient pas \u00e0 partager le temps et l&rsquo;espace, pas toujours avec bonheur. Les trente ateliers retenus ont souvent fonctionn\u00e9, malgr\u00e9 les consignes, plus comme des conf\u00e9rences partag\u00e9es que comme des d\u00e9bats avec simple expos\u00e9 d&rsquo;introduction, contraignant les discussions \u00e0 se poursuivre dans les couloirs et dans la rue, faute d&rsquo;espace pr\u00e9vu pour cela.<\/span><\/p>\n<p class=\"western\"><span style=\"font-family: Calibri, sans-serif\">Parall\u00e8lement ou en introduction de certains ateliers ont \u00e9t\u00e9 projet\u00e9s plusieurs films, qui ont recueilli une bonne participation. Le samedi s&rsquo;est clos par une soir\u00e9e conviviale, malheureusement dans un lieu trop bruyant pour permettre les \u00e9changes informels.<\/span><\/p>\n<p class=\"western\"><span style=\"font-family: Calibri, sans-serif\">Samedi midi, la troupe du Lacse (Laboratoire d\u2019artistes cr\u00e9ateurs sympathiques et engag\u00e9s) a entra\u00een\u00e9 tout le monde dans une action th\u00e9\u00e2trale sur une place de la R\u00e9publique \u00e0 moiti\u00e9 vide, o\u00f9 seuls les tracts ont permis aux quelques passants qui n&rsquo;\u00e9taient pas indiff\u00e9rents d&rsquo;en comprendre un peu le sens.<\/span><\/p>\n<p class=\"western\"><span style=\"font-family: Calibri, sans-serif\"><b>Un programme charg\u00e9<\/b><\/span><\/p>\n<p class=\"western\"><span style=\"font-family: Calibri, sans-serif\">Outre les trente ateliers programm\u00e9s, trois s\u00e9ances pl\u00e9ni\u00e8res ont rassembl\u00e9 les participants, o\u00f9 la dimension symbolique, voire spectaculaire, a souvent pris le pas \u00e0 la tribune sur la dimension v\u00e9ritablement informative. La premi\u00e8re, de pr\u00e9sentation du forum, s&rsquo;est ouverte sur une intervention vid\u00e9o de Naoto Kan, premier ministre japonais au moment de Fukushima, devenu depuis antinucl\u00e9aire. La deuxi\u00e8me \u00e9tait consacr\u00e9e aux t\u00e9moignages de victimes du nucl\u00e9aire (Tchernobyl, Fukushima, France) mais aussi de personnes luttant contre l\u2019extraction d&rsquo;uranium (Niger, Canada), la construction de nouvelles centrales (Inde, Turquie) et l&#8217;emprise du nucl\u00e9aire sur des terres ancestrales (\u00c9tats-Unis, Canada). La pl\u00e9ni\u00e8re de cl\u00f4ture, ouverte sur des r\u00e9flexions de Bertrand M\u00e9heust sur le rapport entre science, soci\u00e9t\u00e9 et nucl\u00e9aire, suivie par une premi\u00e8re synth\u00e8se \u00e0 chaud des d\u00e9bats en ateliers puis par l&rsquo;annonce du prochain forum (\u00e0 Madrid en 2019, organis\u00e9 par le Movimiento Iberico Antinuclear), a \u00e9t\u00e9 boulevers\u00e9e par la mont\u00e9e \u00e0 la tribune d&rsquo;un groupe de femmes d\u00e9cid\u00e9es \u00e0 y rester debout, pour d\u00e9noncer sa composition enti\u00e8rement masculine \u2013 fait incontestable \u2013 mais aussi le poids disproportionn\u00e9 des hommes dans la lutte antinucl\u00e9aire<\/span><span style=\"font-family: Calibri, sans-serif\"> \u2013 <\/span><span style=\"font-family: Calibri, sans-serif\">affirmation beaucoup plus contestable, ne serait-ce qu&rsquo;au regard de la forte proportion de femmes pr\u00e9sentes tant dans l&rsquo;organisation du FSM que dans l&rsquo;assembl\u00e9e, les autres tribunes de pl\u00e9ni\u00e8re et les ateliers.<\/span><\/p>\n<p><span style=\"font-family: Calibri, sans-serif\"><span style=\"font-size: medium\"><b>Pour quel bilan?<\/b><\/span><\/span><\/p>\n<p><span style=\"font-family: Calibri, sans-serif\"><span style=\"font-size: medium\">En quoi une rencontre mondiale antinucl\u00e9aire con\u00e7ue sur le mod\u00e8le des forums sociaux mondiaux \u2013 une rencontre de trois jours rassemblant des acteurs multiples autour de moments de d\u00e9bat multiples mais brefs, o\u00f9 le travail sp\u00e9cifique de coordination des forces n&rsquo;arrive \u00e0 se faire qu&rsquo;\u00e0 la marge \u2013 peut-elle servir la cause antinucl\u00e9aire ? Au regard de cette exp\u00e9rience, la r\u00e9ponse ne peut \u00eatre que tr\u00e8s mitig\u00e9e.<\/span><\/span><\/p>\n<p>\u2013 <span style=\"font-family: Calibri, sans-serif\"><span style=\"font-size: small\"><span style=\"font-size: medium\"><i>Le FSM a-t-il permis de se faire entendre la cause antinucl\u00e9aire aupr\u00e8s d&rsquo;un large public ?<\/i><\/span><\/span><\/span><\/p>\n<p class=\"western\"><span style=\"font-family: Calibri, sans-serif\">Bien que le FSM se veuille un \u00e9v\u00e9nement m\u00e9diatique et que celui-ci ait pris place au c\u0153ur de Paris, tous les grands m\u00e9dias l&rsquo;ont ignor\u00e9, malgr\u00e9 deux conf\u00e9rences de presse de pr\u00e9sentation. De la part des m\u00e9dias mainstream, rien d&rsquo;\u00e9tonnant vu l&#8217;emprise du lobby nucl\u00e9aire sur ces m\u00e9dias, et le peu de courage civique de leurs journalistes. Les moyens de franchir cet obstacle auraient d\u00fb faire l&rsquo;objet d&rsquo;une r\u00e9flexion sp\u00e9cifique, ce qui n&rsquo;a \u00e9t\u00e9 le cas ni lors de la pr\u00e9paration ni au cours du forum lui-m\u00eame. On touche l\u00e0 \u00e0 la faible disposition du milieu antinucl\u00e9aire \u00e0 s&rsquo;attaquer \u00e0 des probl\u00e8mes plus larges touchant \u00e0 l&rsquo;organisation sociale dans son ensemble. Mais il faut aussi relever le peu d&rsquo;int\u00e9r\u00eat manifest\u00e9 par les milieux dits \u00e9cologistes et la presse critique ou militante : malgr\u00e9 l&rsquo;\u00e9chec \u00e9conomique et technique de cette industrie et les risques immenses qu&rsquo;elle fait peser sur toute la population, l&#8217;emprise du discours pr\u00e9sentant le nucl\u00e9aire comme un \u00e9tat de fait incontournable \u2013 ou en tout cas comme un mal mineur dans le contexte du changement climatique \u2013 semble malheureusement d\u00e9border largement les cercles du pouvoir.<\/span><\/p>\n<p>\u2013 <span style=\"font-family: Calibri, sans-serif\"><span style=\"font-size: small\"><span style=\"font-size: medium\"><i>A-t-il donn\u00e9 des \u00e9l\u00e9ments d&rsquo;information, et de r\u00e9flexion,<\/i><\/span> <span style=\"font-size: medium\"><i>\u00e0 un milieu sensible mais peu inform\u00e9? <\/i><\/span><span style=\"font-size: medium\">Pour ceux qui s&rsquo;\u00e9taient donn\u00e9 la peine de venir participer, il y avait largement mati\u00e8re, que ce soit \u00e0 travers les t\u00e9moignages vivants de gens venus d&rsquo;autres pays lors des pl\u00e9ni\u00e8res (non exemptes, il est vrai, d&rsquo;une dimension de spectacle, plus lourde en termes financiers que riche en information) ou \u00e0 travers les multiples ateliers, anim\u00e9s par des militants dans l&rsquo;ensemble tr\u00e8s au fait de leur sujet. Le fait que le nucl\u00e9aire militaire ait trouv\u00e9 toute sa place dans les ateliers, notamment gr\u00e2ce au trait\u00e9 international r\u00e9cemment sign\u00e9 et au prix Nobel qu&rsquo;il a valu \u00e0 ses promoteurs, est un point particuli\u00e8rement positif, \u00e9tant donn\u00e9 la s\u00e9paration de fait entre antinucl\u00e9aires luttant contre le nucl\u00e9aire civil et ceux luttant contre les armes nucl\u00e9aires.<\/span><\/span><\/span><\/p>\n<p class=\"western\"><span style=\"font-family: Calibri, sans-serif\">La diffusion sur Internet, en bonne partie d\u00e9j\u00e0 effective (voir liste ci-dessous), de vid\u00e9os des trois pl\u00e9ni\u00e8res et de quelques ateliers ainsi que d&rsquo;une vid\u00e9o de synth\u00e8se de vingt minutes peut \u00eatre un bon relais du travail d&rsquo;information accompli, voire pallier un peu le faible relais m\u00e9diatique. On peut s&rsquo;interroger toutefois sur le choix des ateliers ayant b\u00e9n\u00e9fici\u00e9 du travail du vid\u00e9aste, donc de ce qui restera de m\u00e9moire filmique du FSM\u00a0: les tendances d\u00e9fendant le principe d&rsquo;un arr\u00eat imm\u00e9diat du nucl\u00e9aire resteront invisibles sur le Web, \u00e0 la diff\u00e9rence de celles \u2013 dominantes encore aujourd&rsquo;hui dans l&rsquo;espace m\u00e9diatique mais aussi chez les antinucl\u00e9aires \u2013 partisanes d&rsquo;une sortie progressive.<\/span><\/p>\n<p class=\"western\"><span style=\"font-family: Calibri, sans-serif\">On pourra aussi regretter le peu de sollicitations \u00e0 l&rsquo;engagement militant entendues lors du forum. A croire que la lutte antinucl\u00e9aire continue \u00e0 \u00eatre per\u00e7ue par les militants eux-m\u00eames comme l&rsquo;affaire de groupes sp\u00e9cialis\u00e9s.<\/span><\/p>\n<p>\u2013 <span style=\"font-family: Calibri, sans-serif\"><span style=\"font-size: medium\"><i>A-t-il fait avancer le d\u00e9bat sur les questions difficiles ou qui divisent\u00a0?<\/i><\/span><\/span><\/p>\n<p class=\"western\"><span style=\"font-family: Calibri, sans-serif\">Les ateliers, cens\u00e9s \u00eatre des lieux de d\u00e9bat, ont pour beaucoup pris l&rsquo;allure de conf\u00e9rences d&rsquo;experts avec la parole de la salle r\u00e9duite \u00e0 la portion congrue. Cette fa\u00e7on de faire, courante dans les milieux politiques dits de gauche, l&rsquo;est encore plus dans un milieu o\u00f9 l&rsquo;expertise et la contre-expertise d&rsquo;accompagnement ont souvent supplant\u00e9 la lutte politique et sociale contre les centrales. Dans d&rsquo;autres cas, l&rsquo;atelier a surtout servi \u00e0 permettre \u00e0 l&rsquo;organisation promotrice d&rsquo;exposer sa position. La discussion politique entre positions diff\u00e9rentes en a \u00e9t\u00e9 assez largement squeez\u00e9e. Selon certains, les ateliers les plus int\u00e9ressants furent ceux men\u00e9s sans animateurs.<\/span><\/p>\n<p><span style=\"font-family: Calibri, sans-serif\"><span style=\"font-size: medium\">Arr\u00eatons-nous, parmi les questions abord\u00e9es en atelier, sur celles qui font d\u00e9bat dans le milieu militant antinucl\u00e9aire.<\/span><\/span><\/p>\n<p><span style=\"font-family: Calibri, sans-serif\"><span style=\"font-size: medium\"> \u2013 L&rsquo;atelier sur \u00ab\u00a0l&rsquo;arr\u00eat imm\u00e9diat du nucl\u00e9aire\u00a0\u00bb \u00e9tait le fruit d&rsquo;un compromis laborieux entre trois collectifs, d&rsquo;accord simplement sur la n\u00e9cessit\u00e9 absolue d&rsquo;une telle d\u00e9cision. ADN Savoie a propos\u00e9 une r\u00e9flexion nouvelle sur le recours aux \u00e9changes europ\u00e9ens d&rsquo;\u00e9lectricit\u00e9 comme possibilit\u00e9 imm\u00e9diate de compensation, et D\u00e9croissance Ile-deFrance a d\u00e9fendu le recours passager aux \u00e9nergies fossiles. Mais le d\u00e9bat a tr\u00e8s vite pris une tournure pol\u00e9mique, \u00e9liminant la part de r\u00e9flexion socio-politique que voulait amener le Collectif contre l&rsquo;ordre atomique.<\/span><\/span><\/p>\n<p><span style=\"font-family: Calibri, sans-serif\"><span style=\"font-size: medium\"> \u2013 L&rsquo;atelier sur \u00ab\u00a0nucl\u00e9aire et changements climatiques\u00a0\u00bb a, semble-t-il, montr\u00e9 la dimension fortement id\u00e9ologique qu&rsquo;a prise la question climatique, certaines \u00ab\u00a0grandes voix\u00a0\u00bb d\u00e9clarant qu'\u00a0\u00bbil n&rsquo;est pas question de revendiquer l&rsquo;arr\u00eat imm\u00e9diat du nucl\u00e9aire qui conduirait \u00e0 augmenter les \u00e9missions de gaz \u00e0 effet de serre\u00a0\u00bb, tout en d\u00e9montrant que cette augmentation ne serait que de 2,7% du total de ces \u00e9missions&#8230;<\/span><\/span><\/p>\n<p><span style=\"font-family: Calibri, sans-serif\"><span style=\"font-size: medium\"> \u2013 Dans l&rsquo;atelier sur le d\u00e9mant\u00e8lement, o\u00f9 toutes les interventions \u00e0 la tribune ont montr\u00e9 par un biais ou un autre l&rsquo;\u00e9norme dimension d&rsquo;un probl\u00e8me qui n&rsquo;est ni techniquement ma\u00eetris\u00e9 ni financ\u00e9, la question cruciale de savoir s&rsquo;il ne faut pas revendiquer un d\u00e9mant\u00e8lement des r\u00e9acteurs diff\u00e9r\u00e9, voire leur non-d\u00e9mant\u00e8lement apr\u00e8s retrait du combustible, a \u00e9t\u00e9 \u00e0 peine d\u00e9battue en toute fin d&rsquo;atelier.<\/span><\/span><\/p>\n<p><span style=\"font-family: Calibri, sans-serif\"><span style=\"font-size: small\"><span style=\"font-size: medium\"> \u2013 La question des m\u00e9thodes de lutte a \u00e9t\u00e9 abord\u00e9e de biais dans divers ateliers, et plus ouvertement dans celui du samedi matin, mais la part faite aux \u00e9lus verts, \u00e9videmment vertement mis en cause, y a parasit\u00e9 un d\u00e9bat qui s&rsquo;amor\u00e7ait \u00e0 peine sur les questions cruciales qui se posent aux antinucl\u00e9aires \u00ab\u00a0de terrain\u00a0\u00bb: quelles formes d&rsquo;action directe sont encore praticables? Faut-il n\u00e9cessairement en passer par l&rsquo;action spectaculaire? Comment toucher largement une population qui fait l&rsquo;autruche? Comment briser le mur du silence m\u00e9diatique? Comment \u00e9viter la r\u00e9pression? Etc.<\/span><\/span><\/span><\/p>\n<p><span style=\"font-family: Calibri, sans-serif\"><span style=\"font-size: medium\">Peu de r\u00e9ponses, ou d&rsquo;amorces de r\u00e9ponses, \u00e0 ces questions cruciales auront donc \u00e9t\u00e9 apport\u00e9es lors de ce FSM, dont l&rsquo;un des plus grands d\u00e9fauts est le chevauchement temporel des divers ateliers, qui emp\u00eache de b\u00e9n\u00e9ficier de l&rsquo;ensemble de l&rsquo;information utile et de mener la r\u00e9flexion de fa\u00e7on suivie et partag\u00e9e.<\/span><\/span><\/p>\n<p>\u2013 <span style=\"font-family: Calibri, sans-serif\"><span style=\"font-size: small\"><span style=\"font-size: medium\"><i>A-t-il permis de cr\u00e9er des liens entre groupes militants de divers pays afin de promouvoir les \u00e9changes et l&rsquo;entraide ? <\/i><\/span><span style=\"font-size: medium\">Si, comme l&rsquo;a affirm\u00e9 Chico Whitacker, le patriarche des FSM, tel est l&rsquo;objectif principal des FSM, celui-ci aura en partie rempli sa fonction. Sans doute au moins autant gr\u00e2ce aux contacts informels \u00e9tablis dans les couloirs qu&rsquo;aux \u00e9changes permis par les ateliers. Mais ces contacts ne devront pas attendre le prochain FSM pr\u00e9vu en 2019 en Espagne pour se consolider, car, dans un contexte o\u00f9 la crise de l&rsquo;industrie nucl\u00e9aire ne cesse de s&rsquo;approfondir en multipliant les facteurs de risque de catastrophe, la mise en commun des forces devient une n\u00e9cessit\u00e9 urgente.<\/span><\/span><\/span><\/p>\n<p><span style=\"font-family: Calibri, sans-serif\"><span style=\"font-size: medium\"><b>En conclusion<\/b><\/span><\/span><\/p>\n<p><span style=\"font-family: Calibri, sans-serif\"><span style=\"font-size: medium\">Malgr\u00e9 son ambition et le gros travail d&rsquo;organisation fourni, ce Forum social mondial antinucl\u00e9aire n&rsquo;a pas r\u00e9ussi \u00e0 cr\u00e9er l&rsquo;\u00e9v\u00e9nement et n&rsquo;a que peu contribu\u00e9 \u00e0 faire avancer le d\u00e9bat entre militants antinucl\u00e9aires. Sans faire l&rsquo;impasse sur les faiblesses propres au \u00ab\u00a0mouvement\u00a0\u00bb antinucl\u00e9aire (1), il y a lieu de s&rsquo;interroger sur l&rsquo;utilit\u00e9 de ce style de rencontre pour faire avancer la r\u00e9flexion sur la r\u00e9alit\u00e9 des rapports de force et les moyens de faire avancer la lutte dans le cadre concret de chacune des nations nucl\u00e9aris\u00e9es. Tout au moins le FSM aura-t-il contribu\u00e9 \u00e0 la prise de conscience du caract\u00e8re international de la menace que le nucl\u00e9aire fait peser sur l&rsquo;humanit\u00e9 et de la n\u00e9cessit\u00e9 de rassembler nos forces.<\/span><\/span><\/p>\n<p class=\"western\"><span style=\"font-family: Calibri, sans-serif\"> Gianni et Nicole (du Collectif contre l&rsquo;ordre atomique)<\/span><\/p>\n<p><span style=\"font-family: Calibri, sans-serif\"><span style=\"font-size: small\">(1) Un d\u00e9bat vient de s&rsquo;ouvrir \u00e0 ce sujet avec la publication sur le site de <i>Reporterre<\/i> d&rsquo;un article de Gaspard d&rsquo;Allens, coauteur de <i>Bure, la bataille du nucl\u00e9aire<\/i> (\u00ab\u00a0<a href=\"https:\/\/reporterre.net\/Le-mouvement-antinucleaire-est-trop-vieux-il-doit-se-reinventer\">Le mouvement nucl\u00e9aire est trop vieux, il doit se r\u00e9inventer<\/a>\u00ab\u00a0) et une r\u00e9ponse de Guillaume Blavette, administrateur suppl\u00e9ant du RSN, sur son blog de Mediapart (\u00ab\u00a0Non, le mouvement antinucl\u00e9aire n&rsquo;est pas un spectre moribond\u00a0\u00bb). Ce d\u00e9bat m\u00e9rite bien d&rsquo;autres contributions\u00a0!<\/span><\/span><\/p>\n<p class=\"western\" align=\"center\"><b>Pour en savoir plus, sur Internet<\/b><\/p>\n<p class=\"western\"><b>Pr\u00e9sentation radiophonique du FSM<\/b> dans l&rsquo;\u00e9mission \u00ab\u00a0Vive la Sociale\u00a0\u00bb (sur FPP) du 19 octobre 2017 : http:\/\/www.vivelasociale.org\/les-emissions-recentes\/91-fsm-antinucleaire<\/p>\n<p class=\"western\"><b>Textes et comptes rendus d&rsquo;atelier<\/b> peuvent \u00eatre consult\u00e9s sur le site international des FSM: http:\/\/nuclearfreeworld.net\/fr\/<\/p>\n<p class=\"western\"><span style=\"font-size: small\">Le site accompagnant la pr\u00e9paration du Forum (http:\/\/fsm-antinucleaire2017.nuclearfreeworld.net\/) est cens\u00e9 \u00eatre ferm\u00e9 fin 2017.<\/span><\/p>\n<p class=\"western\"><b>Les vid\u00e9os des pl\u00e9ni\u00e8res et de quelques ateliers<\/b> sont disponibles sur Youtube, regroup\u00e9es \u00e0 l&rsquo;adresse suivante:<span style=\"font-size: small\">\u00a0<\/span><\/p>\n<p class=\"western\">\n<p class=\"western\">\u2013 <span style=\"font-size: small\">Le nucl\u00e9aire dans le monde et les co\u00fbts du nucl\u00e9aire : https:\/\/www.youtube.com\/watch?v=unxEAcc01Yc<\/span><\/p>\n<p class=\"western\">\u2013 <span style=\"font-size: small\">Ethos \u00e0 Fukushima: strat\u00e9gie de l&rsquo;ignorance et mainmise du lobby nucl\u00e9aire international : https:\/\/www.youtube.com\/watch?v=6UxzVApMe-0<\/span><\/p>\n<p class=\"western\">\u2013 <span style=\"font-size: small\">Les actions de d\u00e9sob\u00e9issance civile en Europe contre le nucl\u00e9aire militaire :<\/span><\/p>\n<p class=\"western\"><span style=\"font-size: small\">https:\/\/www.youtube.com\/watch?v=6yLZQZXgKek <\/span><\/p>\n<p class=\"western\">\u2013 <span style=\"font-size: small\">Nucl\u00e9aire et finance : le pouvoir des lobbies contre la d\u00e9mocratie :<\/span><\/p>\n<p class=\"western\"><span style=\"font-size: small\">https:\/\/www.youtube.com\/watch?v=WLCs3AWnKo4<\/span><\/p>\n<p class=\"western\">\u2013 <span style=\"font-size: small\">Vers un mouvement antinucl\u00e9aire europ\u00e9en : https:\/\/www.youtube.com\/watch?v=7iRSL3NmQZY <\/span><\/p>\n<p class=\"western\">\u2013 <span style=\"font-size: small\">Les enjeux de la gestion de l\u2019eau dans le nucl\u00e9aire. Bassin fluvial, bassin de luttes ? : https:\/\/www.youtube.com\/watch?v=hJPOTytGkNQ <\/span><\/p>\n<p class=\"western\">\u2013 <span style=\"font-size: small\">Fukushima 2011-2017. Etat des lieux : la multiplication du cancer de la thyro\u00efde chez les enfants : https:\/\/www.youtube.com\/watch?v=f0Rey2UMW_g <\/span><\/p>\n<p class=\"western\">\u2013 <span style=\"font-size: small\">D\u00e9mant\u00e8lement des centrales nucl\u00e9aires : https:\/\/www.youtube.com\/watch?v=lCS9kSd9hFs <\/span><\/p>\n<p class=\"western\">\u2013 <span style=\"font-size: small\">Sant\u00e9 et nucl\u00e9aire : de l\u2019invisibilit\u00e9 des travailleurs irradi\u00e9s au mythe de la radioactivit\u00e9 quasi inoffensive : https:\/\/www.youtube.com\/watch?v=zPKtr1gKjQc <\/span><\/p>\n<p class=\"western\">\u2013 <span style=\"font-size: small\">Sortir du nucl\u00e9aire : une chance pour les travailleurs et pour l\u2019emploi ! :<\/span><\/p>\n<p class=\"western\"><span style=\"font-size: small\">https:\/\/www.youtube.com\/watch?v=MkCHuXrJSdU <\/span><\/p>\n<hr \/>\n<p>Merci Nicole, merci Gianni.<\/p>\n<p>J\u2019ai comme l\u2019impression que les nucl\u00e9aristes de tous les pays peuvent continuer \u00e0 dormir sur leurs deux oreilles.<\/p>\n<p>Les cobayes bienveillants, indiff\u00e9rents ou impuissants que nous sommes, si bien \u00ab\u00a0pris en otages\u00a0\u00bb comme on dit dans les m\u00e9dias dominants (\u00ab\u00a0Le nucl\u00e9aire ou la bougie\u00a0!\u00a0\u00bb, \u00ab\u00a0Le nucl\u00e9aire ou le r\u00e9chauffement climatique\u00a0!\u00a0\u00bb), feraient mieux, eux, de dormir moins profond\u00e9ment.<\/p>\n<p>&nbsp;<\/p>\n<p><a href=\"http:\/\/www.dailymotion.com\/video\/x70fzr\">http:\/\/www.dailymotion.com\/video\/x70fzr<\/a><\/p>\n<p>&nbsp;<\/p>\n<p><a href=\"http:\/\/www.dailymotion.com\/video\/x70g6q\">http:\/\/www.dailymotion.com\/video\/x70g6q<\/a><\/p>\n<p>&nbsp;<\/p>\n<p><a href=\"http:\/\/www.dailymotion.com\/video\/x70plg\">http:\/\/www.dailymotion.com\/video\/x70plg<\/a><\/p>\n<p>&nbsp;<\/p>\n<p>&nbsp;<\/p>\n<p><a href=\"https:\/\/www.youtube.com\/watch?v=R4GLAKEjU4w\">https:\/\/www.youtube.com\/watch?v=R4GLAKEjU4w<\/a><\/p>\n<p>&nbsp;<\/p>\n<p>Belle brochette de contre-experts bien install\u00e9s dans le g\u00e2teau \u00e0 la cr\u00e8me malgr\u00e9 le discours de plus en plus radical, on leur apprend \u00e7a maintenant dans les \u00e9coles de commerce\u00a0? Il vous reste du goudron et des plumes\u00a0?\u00a0:<\/p>\n<p>&nbsp;<\/p>\n<p><a href=\"http:\/\/www.fukushima-blog.com\/article-appel-international-hiroshima-tchernobyl-fukushima-des-crimes-contre-l-humanite-101458831.html\">http:\/\/www.fukushima-blog.com\/article-appel-international-hiroshima-tchernobyl-fukushima-des-crimes-contre-l-humanite-101458831.html<\/a><\/p>\n<p>&nbsp;<\/p>\n<p><a href=\"http:\/\/archivesautonomies.org\/IMG\/pdf\/situs\/encyclopediedesnuisances\/edn-n08.pdf\">http:\/\/archivesautonomies.org\/IMG\/pdf\/situs\/encyclopediedesnuisances\/edn-n08.pdf<\/a><\/p>\n<p>&nbsp;<\/p>\n<p><a href=\"https:\/\/www.youtube.com\/watch?v=BWcTygNI-YE\">https:\/\/www.youtube.com\/watch?v=BWcTygNI-YE<\/a><\/p>\n<p>&nbsp;<\/p>\n<p>&nbsp;<\/p>\n<p>&nbsp;<\/p>\n<p>&nbsp;<\/p>\n<p>&nbsp;<\/p>\n","protected":false},"excerpt":{"rendered":"<p>[re\u00e7u par mail] Du 2 au 4 novembre 2017 s&rsquo;est tenu \u00e0 Paris le 3e FSM antinucl\u00e9aire, faisant suite \u00e0 celui de Tokyo en 2015 et de Montr\u00e9al en 2016. Il s&rsquo;est prolong\u00e9 par une visite group\u00e9e \u00e0 Bure (\u00e0 la Maison de la R\u00e9sistance et au Bois Lejuc), le dimanche 5. Plus de 400 [&hellip;]<\/p>\n","protected":false},"author":7964,"featured_media":0,"comment_status":"closed","ping_status":"closed","sticky":false,"template":"","format":"standard","meta":{"footnotes":""},"categories":[1],"tags":[],"class_list":["post-10832","post","type-post","status-publish","format-standard","hentry","category-general"],"_links":{"self":[{"href":"https:\/\/lelaboratoireanarchiste.noblogs.org\/index.php?rest_route=\/wp\/v2\/posts\/10832","targetHints":{"allow":["GET"]}}],"collection":[{"href":"https:\/\/lelaboratoireanarchiste.noblogs.org\/index.php?rest_route=\/wp\/v2\/posts"}],"about":[{"href":"https:\/\/lelaboratoireanarchiste.noblogs.org\/index.php?rest_route=\/wp\/v2\/types\/post"}],"author":[{"embeddable":true,"href":"https:\/\/lelaboratoireanarchiste.noblogs.org\/index.php?rest_route=\/wp\/v2\/users\/7964"}],"replies":[{"embeddable":true,"href":"https:\/\/lelaboratoireanarchiste.noblogs.org\/index.php?rest_route=%2Fwp%2Fv2%2Fcomments&post=10832"}],"version-history":[{"count":4,"href":"https:\/\/lelaboratoireanarchiste.noblogs.org\/index.php?rest_route=\/wp\/v2\/posts\/10832\/revisions"}],"predecessor-version":[{"id":10836,"href":"https:\/\/lelaboratoireanarchiste.noblogs.org\/index.php?rest_route=\/wp\/v2\/posts\/10832\/revisions\/10836"}],"wp:attachment":[{"href":"https:\/\/lelaboratoireanarchiste.noblogs.org\/index.php?rest_route=%2Fwp%2Fv2%2Fmedia&parent=10832"}],"wp:term":[{"taxonomy":"category","embeddable":true,"href":"https:\/\/lelaboratoireanarchiste.noblogs.org\/index.php?rest_route=%2Fwp%2Fv2%2Fcategories&post=10832"},{"taxonomy":"post_tag","embeddable":true,"href":"https:\/\/lelaboratoireanarchiste.noblogs.org\/index.php?rest_route=%2Fwp%2Fv2%2Ftags&post=10832"}],"curies":[{"name":"wp","href":"https:\/\/api.w.org\/{rel}","templated":true}]}}