{"id":10680,"date":"2017-12-21T14:06:12","date_gmt":"2017-12-21T13:06:12","guid":{"rendered":"https:\/\/lelaboratoireanarchiste.noblogs.org\/?p=10680"},"modified":"2017-12-21T14:06:30","modified_gmt":"2017-12-21T13:06:30","slug":"mexico-prison-nord-lettres-de-fernando-barcenas","status":"publish","type":"post","link":"https:\/\/lelaboratoireanarchiste.noblogs.org\/?p=10680","title":{"rendered":"Mexico [Prison Nord ] Lettres de Fernando B\u00e1rcenas"},"content":{"rendered":"<div>[re\u00e7u par mail]<\/div>\n<div><\/div>\n<div class=\"m_-3218942550899698574m_-6839252432544817116pre\"><strong>Lettres de Fernando B\u00e1rcenas: <\/strong><br \/>\n<strong> \u00c0 propos d&rsquo;un projet de biblioth\u00e8que autonome dans la prison nord de la ville de Mexico.<\/strong><\/div>\n<div class=\"m_-3218942550899698574m_-6839252432544817116pre\"><\/div>\n<div class=\"m_-3218942550899698574m_-6839252432544817116pre\"><strong>Fernando B\u00e1rcenas Castillo<\/strong> \u00ab <em>Fer<\/em> \u00bb est un jeune anarchiste. Il a 23 ans et a \u00e9t\u00e9 arr\u00eat\u00e9 le <strong>13 d\u00e9cembre 2013<\/strong>, dans le cadre des protestations contre l\u2019augmentation du prix des billets du m\u00e9tro. Il a \u00e9t\u00e9 accus\u00e9 d\u2019avoir mis le feu \u00e0 un l\u2019arbre de No\u00ebl de l\u2019entreprise Coca-Cola, depuis lors il se trouve dans la prison Nord \u00e0 Mexico. En d\u00e9cembre 2014 il a \u00e9t\u00e9 condamn\u00e9 \u00e0 5 ans et 9 mois de prison pour les d\u00e9lits d\u2019attaques \u00e0 la paix publique et association d\u00e9lictueuse. A l\u2019int\u00e9rieur de la prison, Fernando a \u00e9labor\u00e9 plusieurs projets de diffusion et d\u2019information tels des fanzines et le journal anti-carc\u00e9ral \u201c<strong>El Canero<\/strong>\u201d. Fer a \u00e9galement encourag\u00e9 et lanc\u00e9 plusieurs organisations de prisonnier\u00b7e\u00b7s en r\u00e9sistance : <em>La <strong>C.C.P.R<\/strong><\/em> (Coordination Combative de Prisonniers en R\u00e9sistance), la <strong>C.I.P.R.E<\/strong> (Coordination Informelle des Prisonniers en R\u00e9sistance) et le collectif des prisonniers <a href=\"https:\/\/iaata.info\/Mexico-Chroniques-Carcerales-des-prisonniers-du-collectif-Cimarron-1763.html\"><strong>CIMARRON<\/strong>.<\/a><\/div>\n<div class=\"m_-3218942550899698574m_-6839252432544817116pre\"><strong>Derni\u00e8rement, il a mis en place une biblioth\u00e8que g\u00e9r\u00e9e par les prisonniers eux-m\u00eames. Un projet de biblioth\u00e8que autonome dans la prison nord de la ville de Mexico.<\/strong><br \/>\n&#8230;<strong> L&rsquo;id\u00e9e de fonder une biblioth\u00e8que<\/strong><em><strong> Aux compagnon-e-s rebelles<\/strong><\/em><\/p>\n<p>\u00c0 tous ceux qui construisent leur chemin d&rsquo;autonomie, j&rsquo;\u00e9cris pour rappeler qu&rsquo;\u00e0 l&rsquo;int\u00e9rieur de ces murs nous tentons d&rsquo;arracher notre temps vital \u00e0 la machinerie en cr\u00e9ant des moments de lucidit\u00e9 dans ce monde asphyxiant.<\/p>\n<p>C&rsquo;est ainsi que durant ces ann\u00e9es ont surgi des propositions de r\u00e9sistance, de combats isol\u00e9s en cris qui se perdent dans l&rsquo;obscurit\u00e9 jusqu&rsquo;aux moments d&rsquo;organisation collective informelle dans le quotidien de la vie en r\u00e9gime ouvert, c&rsquo;est \u00e0 dire la population carc\u00e9rale en g\u00e9n\u00e9ral. C&rsquo;est l\u00e0 qu&rsquo;a surgi depuis presque trois ans l&rsquo;id\u00e9e de cr\u00e9er un espace diff\u00e9rent o\u00f9 les prisonnier\u00b7e\u00b7s puissent crier que toute cette destruction doit cesser. Nous savons que le syst\u00e8me carc\u00e9ral est con\u00e7u pour soumettre nos corps et nos esprits aux lois du commerce, c&rsquo;est pour cette raison que nous n&rsquo;allons pas leur demander de changer. Nous savons que l&rsquo;argent est le langage des puissants et nous n&rsquo;avons donc aucune requ\u00eate \u00e0 leur faire. D\u00e9sormais, nous voulons auto-g\u00e9rer nos vies \u00e0 l&rsquo;int\u00e9rieur de ces murs, contr\u00f4ler nous-m\u00eames nos mentalit\u00e9s, puisque ce que visent leurs programmes de r\u00e9adaptation sociale est la cr\u00e9ation d&rsquo;\u00eatres soumis, repentis, coupables et qui de ce fait acceptent le travail, esclaves aux mains des fonctionnaires de la prison.<\/p>\n<p>C&rsquo;est ainsi qu&rsquo;est n\u00e9e l&rsquo;id\u00e9e de fonder une biblioth\u00e8que alternative dans l&rsquo;auditorium de la prison Nord mais, pour que ce projet d&rsquo;autonomie grandisse et qu&rsquo;il puisse fonctionner, nous avons besoin de votre appui et de votre solidarit\u00e9 car, \u00e0 int\u00e9rieur, nous sommes r\u00e9prim\u00e9\u00b7e\u00b7s de fa\u00e7on m\u00e9thodique. C\u2019est pourquoi nous lan\u00e7ons cet appel \u00e0 tous ceux qui se savent en guerre, nous avons besoin de vous_!!! Car c&rsquo;est seulement ensemble que nous r\u00e9ussirons \u00e0 trouver la force d&rsquo;affronter la logique de ce syst\u00e8me de putr\u00e9faction.<\/p>\n<p>Ne nous laissez pas seuls dans la construction d&rsquo;un espace suppl\u00e9mentaire d&rsquo;autonomie. Notre lutte est tout aussi importante, nous aussi sommes esclaves, enfants d&rsquo;une guerre, nous sommes pauvres, ils nous appellent d\u00e9linquants et pour cela nous marginalisent, mais ensemble avec vous, nous d\u00e9montrerons que nous sommes capables de vivre la libert\u00e9 ici et maintenant, m\u00eame entre ces murs de pierre.<\/p>\n<p>C&rsquo;est pour poursuivre ce projet que nous vous demandons de nous soutenir.<\/p>\n<p><em><strong>\u00ab La biblioth\u00e8que autonome \u00bb dans la prison Nord<\/strong><\/em><\/p>\n<\/div>\n<div class=\"m_-3218942550899698574m_-6839252432544817116pre\"><\/div>\n<div class=\"m_-3218942550899698574m_-6839252432544817116pre\">\n<p><em><strong>Avec amour et force pour tous et toutes.<\/strong><\/em><\/p>\n<p>&#8211; <strong>Fernando B\u00e1rcenas<\/strong> &#8211;<\/p>\n<\/div>\n<div class=\"m_-3218942550899698574m_-6839252432544817116pre\"><\/div>\n<div class=\"m_-3218942550899698574m_-6839252432544817116pre\">\n<p>________________<\/p>\n<p><strong>Situation actuelle du projet de biblioth\u00e8que autonome \u00e0 l&rsquo;int\u00e9rieur de la prison.<\/strong><\/p>\n<p><em><strong>Cher-e-s Compagnon-ne-s<\/strong><\/em><\/p>\n<p>Quelques mots pour vous informer de la situation actuelle du projet de biblioth\u00e8que autonome \u00e0 l&rsquo;int\u00e9rieur de la prison.<\/p>\n<p>Tout d&rsquo;abord, merci de votre participation et, par les pressions exerc\u00e9es, de nous avoir permis d\u2019obtenir un espace qui a rendu possible l&rsquo;acceptation du projet de biblioth\u00e8que. Votre soutien est toujours n\u00e9cessaire puisque, maintenant, il nous faut construire les meubles et am\u00e9nager l&rsquo;espace. Jusqu&rsquo;\u00e0 pr\u00e9sent en effet, nous n&rsquo;avons eu les moyens d&rsquo;acheter ni les mat\u00e9riaux ni les outils n\u00e9cessaires.<\/p>\n<p>J&rsquo;ai entendu dire qu&rsquo;il y avait des personnes dispos\u00e9es \u00e0 soutenir \u00e9conomiquement et en donnant des livres. C&rsquo;est pourquoi il est important de dire que, pour l&rsquo;instant, le principal est de collecter des fonds afin de pouvoir acheter le mat\u00e9riel n\u00e9cessaire_: des planches de bois, des tire-fonds et des vis, des chevilles expans\u00e9es, en bois, des clous, des agrafes industrielles, etc. Tout ceci est primordial car il ne sert \u00e0 rien d&rsquo;entasser des livres si nous n&rsquo;avons pas auparavant un endroit am\u00e9nag\u00e9 avec des meubles pour les ranger&#8230;<\/p>\n<p>L&rsquo;id\u00e9e est de travailler pendant ce temps de fa\u00e7on \u00e0 ce que la biblioth\u00e8que puisse \u00eatre inaugur\u00e9e \u00e0 la mi-d\u00e9cembre. Ce sera ainsi un lieu o\u00f9 s&rsquo;exerce l&rsquo;autonomie \u00e0 l&rsquo;int\u00e9rieur de ces murs, comme un espace culturel pour la population en g\u00e9n\u00e9ral \u00a0de cette prison, la mise \u00e0 disposition d\u2019outils destin\u00e9s \u00e0 transformer la r\u00e9alit\u00e9 de cet univers carc\u00e9ral.<\/p>\n<p>Loin des dogmes id\u00e9ologiques, religieux et scientifiques, la proposition est d&rsquo;ouvrir un espace r\u00e9el pour se retrouver soi-m\u00eame.<\/p>\n<p>Ceux qui participent \u00e0 ce projet remettent profond\u00e9ment en question l&rsquo;assistanat, la \u00ab charit\u00e9 \u00bb et les f\u00e9tichismes qui conduisent diff\u00e9rentes associations et collectifs du dehors \u00e0 participer \u00e0 des projets de diverses sortes \u00e0 l&rsquo;int\u00e9rieur de la prison.<\/p>\n<p>C&rsquo;est pour cela que nous rappelons \u00e0 toutes celles et ceux qui ont l&rsquo;intention d&rsquo;entrer \u00e0 l&rsquo;int\u00e9rieur de ces murs que nous nous opposons \u00e0 ce type d&rsquo;activit\u00e9s. Car la prison est partout ; la lutte anti-carc\u00e9rale ne doit pas \u00eatre centr\u00e9e sur \u00ab les prisonnier-e-s \u00bb des \u00ab prisons physiques \u00bb mais doit amener chacun d&rsquo;entre nous \u00e0 reconna\u00eetre son enfermement quotidien. Et c\u2019est par la rupture insurrectionnelle que nous parviendrons \u00e0 prendre soin de nous, chacun incendiant ses propres prisons.<\/p>\n<p>Assez de prisonnierisme*! Construisons de r\u00e9elles alternatives pour qu&rsquo;\u00e0 nouveau nous soyons ceux qui attaquent ce syst\u00e8me&#8230; Car on ne doit pas se souvenir de fa\u00e7on nostalgique \u00abd&rsquo;un-e compagnon-ne prisonnier-e\u00bb mais le revendiquer dans chaque acte de guerre qui acc\u00e9l\u00e8rera le d\u00e9clenchement de l&rsquo;insurrection g\u00e9n\u00e9ralis\u00e9e.<\/p>\n<p>Beaucoup de courage<br \/>\n&#8211; Fernando B\u00e1rcenas &#8211;<\/p>\n<p>* <em>presismo en espagnol: assistanat carc\u00e9ral<\/em><\/p>\n<\/div>\n<div class=\"m_-3218942550899698574m_-6839252432544817116pre\">\n<h4>Cliquez ici pour t\u00e9l\u00e9charger le flyer (<em><strong>La biblioth\u00e8que autonome \u00bb dans la prison Nord<\/strong><\/em>):<\/h4>\n<p><a href=\"https:\/\/liberonsles.wordpress.com\/2017\/11\/30\/prison-nord-mexico-lidee-de-fonder-une-bibliotheque-autonome\/\" target=\"_blank\" rel=\"noopener noreferrer\">https:\/\/liberonsles.wordpress.com\/2017\/11\/30\/prison-nord-mexico-lidee-de-fonder-une-bibliotheque-autonome\/<\/a><\/p>\n<div class=\"yj6qo ajU\">\n<div id=\":me\" class=\"ajR\" role=\"button\"><img decoding=\"async\" class=\"ajT\" src=\"https:\/\/ssl.gstatic.com\/ui\/v1\/icons\/mail\/images\/cleardot.gif\" \/><\/div>\n<\/div>\n<\/div>\n","protected":false},"excerpt":{"rendered":"<p>[re\u00e7u par mail] Lettres de Fernando B\u00e1rcenas: \u00c0 propos d&rsquo;un projet de biblioth\u00e8que autonome dans la prison nord de la ville de Mexico. Fernando B\u00e1rcenas Castillo \u00ab Fer \u00bb est un jeune anarchiste. Il a 23 ans et a \u00e9t\u00e9 arr\u00eat\u00e9 le 13 d\u00e9cembre 2013, dans le cadre des protestations contre l\u2019augmentation du prix des [&hellip;]<\/p>\n","protected":false},"author":7964,"featured_media":0,"comment_status":"closed","ping_status":"closed","sticky":false,"template":"","format":"standard","meta":{"footnotes":""},"categories":[1],"tags":[],"class_list":["post-10680","post","type-post","status-publish","format-standard","hentry","category-general"],"_links":{"self":[{"href":"https:\/\/lelaboratoireanarchiste.noblogs.org\/index.php?rest_route=\/wp\/v2\/posts\/10680","targetHints":{"allow":["GET"]}}],"collection":[{"href":"https:\/\/lelaboratoireanarchiste.noblogs.org\/index.php?rest_route=\/wp\/v2\/posts"}],"about":[{"href":"https:\/\/lelaboratoireanarchiste.noblogs.org\/index.php?rest_route=\/wp\/v2\/types\/post"}],"author":[{"embeddable":true,"href":"https:\/\/lelaboratoireanarchiste.noblogs.org\/index.php?rest_route=\/wp\/v2\/users\/7964"}],"replies":[{"embeddable":true,"href":"https:\/\/lelaboratoireanarchiste.noblogs.org\/index.php?rest_route=%2Fwp%2Fv2%2Fcomments&post=10680"}],"version-history":[{"count":3,"href":"https:\/\/lelaboratoireanarchiste.noblogs.org\/index.php?rest_route=\/wp\/v2\/posts\/10680\/revisions"}],"predecessor-version":[{"id":10683,"href":"https:\/\/lelaboratoireanarchiste.noblogs.org\/index.php?rest_route=\/wp\/v2\/posts\/10680\/revisions\/10683"}],"wp:attachment":[{"href":"https:\/\/lelaboratoireanarchiste.noblogs.org\/index.php?rest_route=%2Fwp%2Fv2%2Fmedia&parent=10680"}],"wp:term":[{"taxonomy":"category","embeddable":true,"href":"https:\/\/lelaboratoireanarchiste.noblogs.org\/index.php?rest_route=%2Fwp%2Fv2%2Fcategories&post=10680"},{"taxonomy":"post_tag","embeddable":true,"href":"https:\/\/lelaboratoireanarchiste.noblogs.org\/index.php?rest_route=%2Fwp%2Fv2%2Ftags&post=10680"}],"curies":[{"name":"wp","href":"https:\/\/api.w.org\/{rel}","templated":true}]}}