{"id":10615,"date":"2017-12-17T12:40:10","date_gmt":"2017-12-17T11:40:10","guid":{"rendered":"https:\/\/lelaboratoireanarchiste.noblogs.org\/?p=10615"},"modified":"2017-12-18T00:33:00","modified_gmt":"2017-12-17T23:33:00","slug":"valencedrome-la-cogestion-permet-au-maire-de-detruire-et-dinstaller-ses-potes","status":"publish","type":"post","link":"https:\/\/lelaboratoireanarchiste.noblogs.org\/?p=10615","title":{"rendered":"Valence [Dr\u00f4me]  La cogestion permet au maire de d\u00e9truire et d&rsquo;installer ses potes aux manettes."},"content":{"rendered":"<div class=\"CSS_LIGHTBOX\">\n<div>\n<div class=\"CSS_LAYOUT_COMPONENT\">\n<div class=\"CSS_LAYOUT_COMPONENT\">\n<div class=\"CSS_LAYOUT_COMPONENT CSS_LIGHTBOX_PHOTO_BROWSE_VIEW\">\n<div class=\"CSS_LAYOUT_COMPONENT\">\n<div class=\"CSS_VCONT_PREVENT_MARGIN_COLLAPSE_DIV\"><\/div>\n<div class=\"CSS_LAYOUT_COMPONENT\">\n<div class=\"CSS_HCONT_CHILDREN_HOLDER\">\n<div class=\"CSS_LAYOUT_COMPONENT CSS_HCONT_CHILD CSS_LIGHTBOX_PHOTO_BROWSE_CONTAINER\">\n<div class=\"CSS_VCONT_PREVENT_MARGIN_COLLAPSE_DIV\"><\/div>\n<div class=\"CSS_LAYOUT_COMPONENT CSS_LIGHTBOX_IMAGE_CONTAINER\">\n<div class=\"CSS_VCONT_PREVENT_MARGIN_COLLAPSE_DIV\"><\/div>\n<div class=\"CSS_LAYOUT_COMPONENT CSS_LIGHTBOX_SCALED_IMAGE\">\n<div class=\"CSS_LAYOUT_COMPONENT\">\n<div class=\"goog-inline-block\">\n<div class=\"goog-inline-block\"><img decoding=\"async\" class=\"CSS_LIGHTBOX_SCALED_IMAGE_IMG\" src=\"http:\/\/2.bp.blogspot.com\/-1g-ToP_UHm0\/VP7PF0XlTgI\/AAAAAAAAR9M\/3eYq3jghc1Y\/s1600\/DSC_0303-2.jpg\" \/><\/div>\n<\/div>\n<\/div>\n<\/div>\n<\/div>\n<\/div>\n<\/div>\n<\/div>\n<\/div>\n<\/div>\n<\/div>\n<\/div>\n<\/div>\n<\/div>\n<p>note du R..D..L: c&rsquo;est par son compte twitter et la page face book que le maire annonce pour le centre aqualudique\u00a0 et son partenariat avec Spie Batignolles entreprise qui a d\u00e9j\u00e0 ramass\u00e9 un pactole sur valence\u00a0\u00a0 \u00e0 travers la construction du\u00a0 centre p\u00e9nitentiaire <a href=\"http:\/\/www.spiebatignolles.fr\/system\/files\/presse\/2014-04\/news_centre_penitentiaire_de_valence.pdf\">voir ici<\/a><\/p>\n<p><img decoding=\"async\" class=\"aligncenter\" src=\"http:\/\/www.drome-hebdo.fr\/files\/2017\/05\/57253.HR.jpg\" alt=\"Illustration actu\" width=\"105px\" \/><\/p>\n<p>vendredi 5 mai 2017 \u00e0 9h<del><\/del>\u00a0 <del>http:\/\/www.drome-hebdo.fr<\/del><\/p>\n<p>iln\u2019y aura qu\u2019une seule nich\u00e9e de cygnes cette ann\u00e9e au port de l\u2019\u00c9pervi\u00e8re. Et pourtant, comme toutes les ann\u00e9es, il y avait bien trois couples qui, d\u00e9but avril, avaient install\u00e9 leurs nids sur les rives du Rh\u00f4ne, deux sur la langue de terre qui s\u2019avance s\u00e9parant les eaux calmes du port et celle du grand Rh\u00f4ne, et un troisi\u00e8me,<\/p>\n<p>Mais \u00e0 ce jour, il n\u2019en reste plus qu\u2019un\u2026 Plus rien, m\u00eame pas une brindille ou la tache brune que laisse l\u2019empreinte d\u2019un grand nid\u2026 Que s\u2019est-il pass\u00e9 ? Malveillance ou simple r\u00e9gulation des naissances et des couples de grands oiseaux r\u00e9sidant en ce lieu. Car il faut savoir que chaque couple a besoin d\u2019un large territoire (plus d\u2019un hectare) et toute intrusion en leur domaine peut donner lieu \u00e0 de violentes bagarres entre eux. En attendant que pr\u00e9cision se fasse, il est plaisant d\u2019aller \u00e0 la rencontre, tout en bout de digue, de celui restant.<\/p>\n<p>Et c\u2019est ainsi qu\u2019en ce dernier dimanche d\u2019avril, alors qu\u2019un fort vent du midi fouette les branches et installe des vaguelettes sur les eaux du fleuve, un bien joli spectacle s\u2019offre \u00e0 la vue. Immobile, la t\u00eate sous l\u2019aile, la maman cygne couve et somnole. \u00c0 ses c\u00f4t\u00e9s, bien droit sur ses pattes, le p\u00e8re veille, imperturbable. Et pas question de s\u2019approcher. M\u00eame les chiens, en laisse, font un d\u00e9tour ! La puissance des cygnes est \u00e9norme. D\u2019abord ils sifflent en un avertissement puis, afin d\u2019impressionner un peu plus, leurs grandes ailes se d\u00e9ploient en quelques bruyants battements qu\u2019il vaut mieux prendre au s\u00e9rieux. Derni\u00e8re sommation. Passez votre chemin sinon il faudra courir ! C\u2019est normal, le m\u00e2le prot\u00e8ge son nid, sa femelle et les \u0153ufs.<\/p>\n<p>Sur ce site entre le Rh\u00f4ne et l&rsquo;autoroute A7, la Mairie de Valence a lanc\u00e9 lundi 14 septembre 2015 un grand programme de d\u00e9molition des vieux b\u00e2timents. Le but est d&rsquo;installer un centre aqualudique \u00e0 l&rsquo;horizon 2019 construit en partenariat public priv\u00e9\u00a0<strong> a \u00e9t\u00e9 officialis\u00e9<\/strong> le jeudi 14 d\u00e9cembre 2017 sur les r\u00e9seaux sociaux que le partenariat, et notamment sur le compte Twitter et la page Facebook de Nicolas Daragon, maire de Valence et pr\u00e9sident de Valence Romans Agglo La signature de ce partenariat intervient une semaine apr\u00e8s que les \u00e9lus de l&rsquo;agglom\u00e9ration valentinoise aient approuv\u00e9 le contrat de concession avec le constructeur et futur exploitant du centre aqualudique, Espac\u00e9o <strong>Spie Batignolles<\/strong>.<del> Ce mode de gestion public-priv\u00e9 va permettre \u00e0 la collectivit\u00e9 de ne pas assumer, seule, le co\u00fbt financier estim\u00e9 \u00e0 32 millions d&rsquo;euros.<\/del><\/p>\n<p>La construction du centre aqualudique est inscrite dans le plan piscines de <a href=\"http:\/\/www.valence.fr\/fr\/re-decouvrir-la-ville\/ville-d-avenir\/un-centre-aqualudique-pour-2019.html\">V<\/a>alence Romans Agglo. \u00a0Le projet pr\u00e9voit 700 m\u00b2 de bassins ouverts toute l\u2019ann\u00e9e, des am\u00e9nagements ludiques, un espace bien-\u00eatre et un autre de glisse. Il devrait constituer le plus grand \u00e9quipement de ce type en Dr\u00f4me-Ard\u00e8che.Le centre aqualudique sera construit au bord du Rh\u00f4ne, dans le pac de l&rsquo;Epervi\u00e8re, \u00e0 proximit\u00e9 du port de plaisance.\u00a0.. Mais avant cela, l\u2019\u00c9pervi\u00e8re deviendra un lieu de promenade et de loisirs. D&rsquo;abord \u00e0 un gros tas de gravats<\/p>\n<header>\n<p class=\"hat\">\n<\/header>\n<figure class=\"ressource-principale\"><img decoding=\"async\" class=\"dejavu dejavu-loaded\" src=\"https:\/\/cdn.radiofrance.fr\/s3\/cruiser-production\/2015\/09\/16114b37-d398-4071-8b57-12e3c3dd3ebe\/870x489_p1290159.jpg\" alt=\"Le d\u00e9but des travaux sur le site de l'Epervi\u00e8re \u00e0 Valence, 14 septembre 2015\" width=\"870\" \/><\/figure>\n<p>&#8230; jusqu&rsquo;\u00e0 la fin de l&rsquo;ann\u00e9e. 2015.. pour l&rsquo;instant ce sont les engins de chantier de l&rsquo;entreprise Oboussier qui d\u00e9truisent la ferme Sarrian, puis ce sera autour de l&rsquo;\u00e9picerie du camping,<\/p>\n<div class=\"post-excerpt\">\n<p><img decoding=\"async\" class=\"media\" title=\"RandoTS_Valence0001_Stand_CCFD.jpg, juil. 2015\" src=\"http:\/\/blog.ccfd-terresolidaire.org\/rando-terresolidaire\/public\/Valence\/.RandoTS_Valence0001_Stand_CCFD_m.jpg\" alt=\"RandoTS_Valence0001_Stand_CCFD.jpg\" \/><\/p>\n<\/div>\n<p>l&rsquo;h\u00f4tel, les anciens locaux espaces verts d&rsquo;\u00eatre d\u00e9truits et pour certains d\u00e9samiant\u00e9s. C&rsquo;est une premi\u00e8re \u00e9tape de 330 mille euros ! La ville va ensuite am\u00e9nager les lieux pour faciliter la promenade, permettre un meilleur acc\u00e8s des v\u00e9los \u00e0 la via Rhona, pour la course \u00e0 pied aussi. Tout cela fleurira pour le printemps prochain. Enfin des<strong> cam\u00e9ras de vid\u00e9o surveillance<\/strong> vont \u00eatre install\u00e9es \u00e0 toutes les entr\u00e9es de l&rsquo;Epervi\u00e8re et le parking du pont des L\u00f4nes deviendra interdit \u00e0 certaines heures, pour permettre \u00e0 ce site et <del>ses riverains de retrouver la nuit toute leur tranquillit\u00e9<\/del> au bord du Rh\u00f4ne.L&rsquo;ancien bowling de l&rsquo;Epervi\u00e8re deviendra centre aqualudique Ce sera \u00e0 destination des nageurs ! en lieu et place de l&rsquo;ancien boowling, il y aura un centre aqualudique. Et cette fois le maire Nicolas Daragon veut faire appel \u00e0 Valence Romans Agglom\u00e9ration qu&rsquo;il pr\u00e9side. C&rsquo;est un b\u00e2timent de 15 millions d&rsquo;euros devrait voir le jour pour 2019. Les \u00e9lus de l&rsquo;intercommunalit\u00e9 en ont d\u00e9j\u00e0 vot\u00e9 le principe le juin dernier en\u00a0 2015.<\/p>\n<p>Le tourisme sous cette forme l\u00e0 en tout cas<strong>. Il n&rsquo; y aura plus possibilit\u00e9s de camping dans Valence<\/strong> et le maire compte sur les h\u00f4tels de l&rsquo;avenue de Provence \u00e9galement. Et puis il y a le port de l\u2019\u00c9pervi\u00e8re qui a besoin lui aussi d&rsquo;am\u00e9liorer son accueil. Des plaisanciers se plaignent de l&rsquo;envasement des bateaux actuellement au bord du Rh\u00f4ne. Le port est g\u00e9r\u00e9 par la chambre de commerce&#8230; mais le maire veut se pencher sur la question. Il y en aurait pour 3 millions d&rsquo;euros de travaux et modernisation \u00e0 apporter.<\/p>\n<p>cette page a \u00e9t\u00e9 construite d&rsquo;apr\u00e8s les informations de la presse et une\u00a0 radio nationale d&rsquo;\u00e9tat<\/p>\n<p>&nbsp;<\/p>\n<p>&nbsp;<\/p>\n<p>&nbsp;<\/p>\n","protected":false},"excerpt":{"rendered":"<p>note du R..D..L: c&rsquo;est par son compte twitter et la page face book que le maire annonce pour le centre aqualudique\u00a0 et son partenariat avec Spie Batignolles entreprise qui a d\u00e9j\u00e0 ramass\u00e9 un pactole sur valence\u00a0\u00a0 \u00e0 travers la construction du\u00a0 centre p\u00e9nitentiaire voir ici vendredi 5 mai 2017 \u00e0 9h\u00a0 http:\/\/www.drome-hebdo.fr iln\u2019y aura qu\u2019une [&hellip;]<\/p>\n","protected":false},"author":7964,"featured_media":0,"comment_status":"closed","ping_status":"closed","sticky":false,"template":"","format":"standard","meta":{"footnotes":""},"categories":[1],"tags":[],"class_list":["post-10615","post","type-post","status-publish","format-standard","hentry","category-general"],"_links":{"self":[{"href":"https:\/\/lelaboratoireanarchiste.noblogs.org\/index.php?rest_route=\/wp\/v2\/posts\/10615","targetHints":{"allow":["GET"]}}],"collection":[{"href":"https:\/\/lelaboratoireanarchiste.noblogs.org\/index.php?rest_route=\/wp\/v2\/posts"}],"about":[{"href":"https:\/\/lelaboratoireanarchiste.noblogs.org\/index.php?rest_route=\/wp\/v2\/types\/post"}],"author":[{"embeddable":true,"href":"https:\/\/lelaboratoireanarchiste.noblogs.org\/index.php?rest_route=\/wp\/v2\/users\/7964"}],"replies":[{"embeddable":true,"href":"https:\/\/lelaboratoireanarchiste.noblogs.org\/index.php?rest_route=%2Fwp%2Fv2%2Fcomments&post=10615"}],"version-history":[{"count":14,"href":"https:\/\/lelaboratoireanarchiste.noblogs.org\/index.php?rest_route=\/wp\/v2\/posts\/10615\/revisions"}],"predecessor-version":[{"id":10635,"href":"https:\/\/lelaboratoireanarchiste.noblogs.org\/index.php?rest_route=\/wp\/v2\/posts\/10615\/revisions\/10635"}],"wp:attachment":[{"href":"https:\/\/lelaboratoireanarchiste.noblogs.org\/index.php?rest_route=%2Fwp%2Fv2%2Fmedia&parent=10615"}],"wp:term":[{"taxonomy":"category","embeddable":true,"href":"https:\/\/lelaboratoireanarchiste.noblogs.org\/index.php?rest_route=%2Fwp%2Fv2%2Fcategories&post=10615"},{"taxonomy":"post_tag","embeddable":true,"href":"https:\/\/lelaboratoireanarchiste.noblogs.org\/index.php?rest_route=%2Fwp%2Fv2%2Ftags&post=10615"}],"curies":[{"name":"wp","href":"https:\/\/api.w.org\/{rel}","templated":true}]}}