{"id":10557,"date":"2017-12-13T15:25:11","date_gmt":"2017-12-13T14:25:11","guid":{"rendered":"https:\/\/lelaboratoireanarchiste.noblogs.org\/?p=10557"},"modified":"2017-12-13T15:25:17","modified_gmt":"2017-12-13T14:25:17","slug":"caltanissetta-italie-le-centre-de-retention-en-cendres-apres-une-nouvelle-revolte","status":"publish","type":"post","link":"https:\/\/lelaboratoireanarchiste.noblogs.org\/?p=10557","title":{"rendered":"Caltanissetta, Italie : Le centre de r\u00e9tention en cendres apr\u00e8s une nouvelle r\u00e9volte !"},"content":{"rendered":"<div class=\"entry-meta\"><\/div>\n<div class=\"entry-content\">\n<p><strong><img loading=\"lazy\" decoding=\"async\" class=\"alignright size-medium wp-image-1677\" src=\"https:\/\/sansattendre.noblogs.org\/files\/2017\/12\/Caltan1-300x192.jpg\" alt=\"\" width=\"300\" height=\"192\" \/><\/strong><\/p>\n<\/div>\n<p><strong>Avec joie, nous avons appris des m\u00e9dias, qu\u2019apr\u00e8s les incendies de septembre et d\u2019octobre dernier, il y a eu une nouvelle explosion de rage des retenus au CPR de Caltanissetta \u00ab\u00a0Pian del Lago\u00a0\u00bb [1] pour briser l\u2019isolement et le silence autour de ce camp. Dans la soir\u00e9e de samedi 9 d\u00e9cembre, quelques prisonniers ont incendi\u00e9 des sections du camp, probablement pour s\u2019opposer \u00e0 une expulsion imminente. <\/strong><\/p>\n<p>Suite \u00e0 la r\u00e9volte incendiaire, au cours de laquelle des objets ont \u00e9t\u00e9 jet\u00e9s sur les gestionnaires du camp qui ont tent\u00e9 de les arr\u00eater, les d\u00e9g\u00e2ts sur les installations du camp semble \u00eatre consid\u00e9rables. A l\u2019heure actuelle, nous ne savons rien au sujet des cons\u00e9quences possibles pour les prisonniers.<\/p>\n<p>Actualisation du 11 d\u00e9cembre 2017: Dans une interview, le chef de la police a confirm\u00e9 que plus aucune personne ne peut \u00eatre enferm\u00e9 dans ce camp, jusqu\u2019\u00e0 ce que l\u2019administration r\u00e9nove les b\u00e2timents. En cons\u00e9quence, le camp a \u00e9t\u00e9 enti\u00e8rement vid\u00e9. Toutefois, un premier groupe de personnes a \u00e9t\u00e9 d\u00e9port\u00e9 vers la Tunisie, comme cela \u00e9tait pr\u00e9vu avant cette r\u00e9volte.<\/p>\n<p><strong>Solidarit\u00e9 avec ceux qui se rebellent et d\u00e9truisent leurs propres cages !<\/strong><\/p>\n<p><img loading=\"lazy\" decoding=\"async\" class=\"aligncenter size-full wp-image-1676\" src=\"https:\/\/sansattendre.noblogs.org\/files\/2017\/12\/sajs.png\" alt=\"\" width=\"601\" height=\"227\" \/><\/p>\n<p>[<a href=\"https:\/\/sansattendre.noblogs.org\/post\/2017\/12\/13\/caltanissetta-italie-le-centre-de-retention-en-cendres-apres-une-\">sans attendredemain<\/a> a traduit de <a href=\"https:\/\/ausdemherzenderfestung.noblogs.org\/post\/2017\/12\/12\/caltanissetta-italien-das-cpr-pian-del-lago-hat-gebrannt\/\" target=\"_blank\" rel=\"noopener\">Aus dem Herzen der Festung<\/a> via la presse locale]<\/p>\n<p>NdT:<\/p>\n<p>[1] Caltanissetta est une petite ville de Sicile. D\u00e9but janvier 2017, le gouvernement italien a rebaptis\u00e9 les Centres d\u2019Identification et d\u2019Expulsion (CIE) en Centres de Permanence pour le Rapatriement (CPR). Il annon\u00e7ait ajouter 14 centres d\u2019identification et d\u2019expulsion, aux 4 d\u00e9j\u00e0 ouverts, (sur 13 cr\u00e9\u00e9s en 1998), et ce dans diff\u00e9rentes r\u00e9gions. Ils ont une capacit\u00e9 de 100 places maximum et enferment seulement des hommes n\u2019ayant pas le droit de demander l\u2019asile. Les migrants peuvent croupir douze mois maximum avant d\u2019\u00eatre expuls\u00e9s.<\/p>\n","protected":false},"excerpt":{"rendered":"<p>Avec joie, nous avons appris des m\u00e9dias, qu\u2019apr\u00e8s les incendies de septembre et d\u2019octobre dernier, il y a eu une nouvelle explosion de rage des retenus au CPR de Caltanissetta \u00ab\u00a0Pian del Lago\u00a0\u00bb [1] pour briser l\u2019isolement et le silence autour de ce camp. Dans la soir\u00e9e de samedi 9 d\u00e9cembre, quelques prisonniers ont incendi\u00e9 [&hellip;]<\/p>\n","protected":false},"author":7964,"featured_media":0,"comment_status":"closed","ping_status":"closed","sticky":false,"template":"","format":"standard","meta":{"footnotes":""},"categories":[1],"tags":[],"class_list":["post-10557","post","type-post","status-publish","format-standard","hentry","category-general"],"_links":{"self":[{"href":"https:\/\/lelaboratoireanarchiste.noblogs.org\/index.php?rest_route=\/wp\/v2\/posts\/10557","targetHints":{"allow":["GET"]}}],"collection":[{"href":"https:\/\/lelaboratoireanarchiste.noblogs.org\/index.php?rest_route=\/wp\/v2\/posts"}],"about":[{"href":"https:\/\/lelaboratoireanarchiste.noblogs.org\/index.php?rest_route=\/wp\/v2\/types\/post"}],"author":[{"embeddable":true,"href":"https:\/\/lelaboratoireanarchiste.noblogs.org\/index.php?rest_route=\/wp\/v2\/users\/7964"}],"replies":[{"embeddable":true,"href":"https:\/\/lelaboratoireanarchiste.noblogs.org\/index.php?rest_route=%2Fwp%2Fv2%2Fcomments&post=10557"}],"version-history":[{"count":1,"href":"https:\/\/lelaboratoireanarchiste.noblogs.org\/index.php?rest_route=\/wp\/v2\/posts\/10557\/revisions"}],"predecessor-version":[{"id":10558,"href":"https:\/\/lelaboratoireanarchiste.noblogs.org\/index.php?rest_route=\/wp\/v2\/posts\/10557\/revisions\/10558"}],"wp:attachment":[{"href":"https:\/\/lelaboratoireanarchiste.noblogs.org\/index.php?rest_route=%2Fwp%2Fv2%2Fmedia&parent=10557"}],"wp:term":[{"taxonomy":"category","embeddable":true,"href":"https:\/\/lelaboratoireanarchiste.noblogs.org\/index.php?rest_route=%2Fwp%2Fv2%2Fcategories&post=10557"},{"taxonomy":"post_tag","embeddable":true,"href":"https:\/\/lelaboratoireanarchiste.noblogs.org\/index.php?rest_route=%2Fwp%2Fv2%2Ftags&post=10557"}],"curies":[{"name":"wp","href":"https:\/\/api.w.org\/{rel}","templated":true}]}}