{"id":10498,"date":"2017-12-09T13:02:27","date_gmt":"2017-12-09T12:02:27","guid":{"rendered":"https:\/\/lelaboratoireanarchiste.noblogs.org\/?p=10498"},"modified":"2017-12-09T13:23:58","modified_gmt":"2017-12-09T12:23:58","slug":"naples-ialieoperation-repressive-lie-a-federation-anarchiste-informelle-federation-revolutionnaire-internationale","status":"publish","type":"post","link":"https:\/\/lelaboratoireanarchiste.noblogs.org\/?p=10498","title":{"rendered":"Naples [Italie] op\u00e9ration r\u00e9pressive li\u00e9e \u00e0  la F\u00e9d\u00e9ration Anarchiste Informelle\/F\u00e9d\u00e9ration R\u00e9volutionnaire Internationale"},"content":{"rendered":"<p><span id=\"result_box\" class=\"\" lang=\"fr\"><span class=\"\">Le p.m.<\/span> <span class=\"\">de la procura de Naples Catello Maresca, est\u00a0 charg\u00e9 de l&rsquo;accusation d&rsquo; association subversive li\u00e9e \u00e0 la FAI \/ FRI, a appel\u00e9\u00a0 l&rsquo;arrestation de vingt camarades anarchistes et \u00e0 la saisie du\u00a0 centre d&rsquo;\u00e9tude libertaire, si\u00e8ge du groupe anarchiste Louise Michel, et de l&rsquo;espace anarchiste 76<\/span> \/ A.<\/span><\/p>\n<p><span class=\"\">Suite au rejet du juge d&rsquo;instruction le p.m.<\/span> fait<span class=\"\">\u00a0 appel, donc la date de l&rsquo;audience d&rsquo;appel \u00e9t\u00e9 fix\u00e9e\u00a0 le 14 D\u00e9cembre\u00a0\u00a0 \u00e0 la chambre de la cour de r\u00e9vision de Naples.<\/span><\/p>\n<p><span class=\"\">Anarchistes napolitains<\/span><\/p>\n<p>traduction de\u00a0 <a href=\"https:\/\/www.autistici.org\/cna\/2017\/12\/07\/napoli-operazione-repressiva-legata-alla-faifri\">CNA<\/a><\/p>\n<p>&nbsp;<\/p>\n","protected":false},"excerpt":{"rendered":"<p>Le p.m. de la procura de Naples Catello Maresca, est\u00a0 charg\u00e9 de l&rsquo;accusation d&rsquo; association subversive li\u00e9e \u00e0 la FAI \/ FRI, a appel\u00e9\u00a0 l&rsquo;arrestation de vingt camarades anarchistes et \u00e0 la saisie du\u00a0 centre d&rsquo;\u00e9tude libertaire, si\u00e8ge du groupe anarchiste Louise Michel, et de l&rsquo;espace anarchiste 76 \/ A. Suite au rejet du juge [&hellip;]<\/p>\n","protected":false},"author":7964,"featured_media":0,"comment_status":"closed","ping_status":"closed","sticky":false,"template":"","format":"standard","meta":{"footnotes":""},"categories":[1],"tags":[],"class_list":["post-10498","post","type-post","status-publish","format-standard","hentry","category-general"],"_links":{"self":[{"href":"https:\/\/lelaboratoireanarchiste.noblogs.org\/index.php?rest_route=\/wp\/v2\/posts\/10498","targetHints":{"allow":["GET"]}}],"collection":[{"href":"https:\/\/lelaboratoireanarchiste.noblogs.org\/index.php?rest_route=\/wp\/v2\/posts"}],"about":[{"href":"https:\/\/lelaboratoireanarchiste.noblogs.org\/index.php?rest_route=\/wp\/v2\/types\/post"}],"author":[{"embeddable":true,"href":"https:\/\/lelaboratoireanarchiste.noblogs.org\/index.php?rest_route=\/wp\/v2\/users\/7964"}],"replies":[{"embeddable":true,"href":"https:\/\/lelaboratoireanarchiste.noblogs.org\/index.php?rest_route=%2Fwp%2Fv2%2Fcomments&post=10498"}],"version-history":[{"count":5,"href":"https:\/\/lelaboratoireanarchiste.noblogs.org\/index.php?rest_route=\/wp\/v2\/posts\/10498\/revisions"}],"predecessor-version":[{"id":10503,"href":"https:\/\/lelaboratoireanarchiste.noblogs.org\/index.php?rest_route=\/wp\/v2\/posts\/10498\/revisions\/10503"}],"wp:attachment":[{"href":"https:\/\/lelaboratoireanarchiste.noblogs.org\/index.php?rest_route=%2Fwp%2Fv2%2Fmedia&parent=10498"}],"wp:term":[{"taxonomy":"category","embeddable":true,"href":"https:\/\/lelaboratoireanarchiste.noblogs.org\/index.php?rest_route=%2Fwp%2Fv2%2Fcategories&post=10498"},{"taxonomy":"post_tag","embeddable":true,"href":"https:\/\/lelaboratoireanarchiste.noblogs.org\/index.php?rest_route=%2Fwp%2Fv2%2Ftags&post=10498"}],"curies":[{"name":"wp","href":"https:\/\/api.w.org\/{rel}","templated":true}]}}