{"id":10467,"date":"2017-12-06T21:55:50","date_gmt":"2017-12-06T20:55:50","guid":{"rendered":"https:\/\/lelaboratoireanarchiste.noblogs.org\/?p=10467"},"modified":"2017-12-06T21:55:50","modified_gmt":"2017-12-06T20:55:50","slug":"la-catalogne-apres-la-tourmente","status":"publish","type":"post","link":"https:\/\/lelaboratoireanarchiste.noblogs.org\/?p=10467","title":{"rendered":"La catalogne apr\u00e8s la tourmente"},"content":{"rendered":"<div id=\":ll\" class=\"ii gt adP adO\">\n<div id=\":lk\" class=\"a3s aXjCH m1602c679d1b694e3\">Bonjour,<\/p>\n<p>Dossier Ctalogne &#8211; En pi\u00e8ce jointe le\u00a0 nouveau texte de Tom\u00e1s Ibanez<\/p>\n<p>\u00ab\u00a0Salut,<br \/>\nPour ceux et celles qui pourraient \u00eatre int\u00e9ress\u00e9s je joins ma 5\u00e8me<br \/>\nchronique catalane, probablement la derni\u00e8re pour un bon bout de temps<br \/>\nAmiti\u00e9s<br \/>\nTom\u00e1s\u00a0\u00bb<\/p>\n<p>Pour le consulter sur le site du CRAS :<br \/>\n<a href=\"https:\/\/cras31.info\/IMG\/pdf\/la_catalogne_apres__la_tourmente_t_ibanez_12_2017.pdf\" target=\"_blank\" rel=\"noopener noreferrer\">https:\/\/cras31.info\/IMG\/pdf\/la_catalogne_apres__la_tourmente_t_ibanez_12_2017.pdf<\/a><\/p>\n<p>Dossier Catalogne sur le site<\/p>\n<p><a href=\"https:\/\/cras31.info\/spip.php?article762\" target=\"_blank\" rel=\"noopener noreferrer\">https:\/\/cras31.info\/spip.php?article762<\/a> [1]<\/p>\n<p>Bonne lecture\n<\/p><\/div>\n<div class=\"yj6qo\"><\/div>\n<\/div>\n<div id=\":mb\" class=\"hq gt a10\">\n<div class=\"hp\"><\/div>\n<div class=\"a3I\">Zone contenant <a href=\"https:\/\/lelaboratoireanarchiste.noblogs.org\/files\/2017\/12\/La-Catalogne-apre\u0300s-la-tourmente-en-Word.pdf\">pi\u00e8ce jointe<\/a><\/div>\n<div id=\":me\"><\/div>\n<div id=\":md\" class=\"aQH\"><\/div>\n<\/div>\n","protected":false},"excerpt":{"rendered":"<p>Bonjour, Dossier Ctalogne &#8211; En pi\u00e8ce jointe le\u00a0 nouveau texte de Tom\u00e1s Ibanez \u00ab\u00a0Salut, Pour ceux et celles qui pourraient \u00eatre int\u00e9ress\u00e9s je joins ma 5\u00e8me chronique catalane, probablement la derni\u00e8re pour un bon bout de temps Amiti\u00e9s Tom\u00e1s\u00a0\u00bb Pour le consulter sur le site du CRAS : https:\/\/cras31.info\/IMG\/pdf\/la_catalogne_apres__la_tourmente_t_ibanez_12_2017.pdf Dossier Catalogne sur le site https:\/\/cras31.info\/spip.php?article762 [&hellip;]<\/p>\n","protected":false},"author":7964,"featured_media":0,"comment_status":"closed","ping_status":"closed","sticky":false,"template":"","format":"standard","meta":{"footnotes":""},"categories":[1],"tags":[],"class_list":["post-10467","post","type-post","status-publish","format-standard","hentry","category-general"],"_links":{"self":[{"href":"https:\/\/lelaboratoireanarchiste.noblogs.org\/index.php?rest_route=\/wp\/v2\/posts\/10467","targetHints":{"allow":["GET"]}}],"collection":[{"href":"https:\/\/lelaboratoireanarchiste.noblogs.org\/index.php?rest_route=\/wp\/v2\/posts"}],"about":[{"href":"https:\/\/lelaboratoireanarchiste.noblogs.org\/index.php?rest_route=\/wp\/v2\/types\/post"}],"author":[{"embeddable":true,"href":"https:\/\/lelaboratoireanarchiste.noblogs.org\/index.php?rest_route=\/wp\/v2\/users\/7964"}],"replies":[{"embeddable":true,"href":"https:\/\/lelaboratoireanarchiste.noblogs.org\/index.php?rest_route=%2Fwp%2Fv2%2Fcomments&post=10467"}],"version-history":[{"count":1,"href":"https:\/\/lelaboratoireanarchiste.noblogs.org\/index.php?rest_route=\/wp\/v2\/posts\/10467\/revisions"}],"predecessor-version":[{"id":10469,"href":"https:\/\/lelaboratoireanarchiste.noblogs.org\/index.php?rest_route=\/wp\/v2\/posts\/10467\/revisions\/10469"}],"wp:attachment":[{"href":"https:\/\/lelaboratoireanarchiste.noblogs.org\/index.php?rest_route=%2Fwp%2Fv2%2Fmedia&parent=10467"}],"wp:term":[{"taxonomy":"category","embeddable":true,"href":"https:\/\/lelaboratoireanarchiste.noblogs.org\/index.php?rest_route=%2Fwp%2Fv2%2Fcategories&post=10467"},{"taxonomy":"post_tag","embeddable":true,"href":"https:\/\/lelaboratoireanarchiste.noblogs.org\/index.php?rest_route=%2Fwp%2Fv2%2Ftags&post=10467"}],"curies":[{"name":"wp","href":"https:\/\/api.w.org\/{rel}","templated":true}]}}