{"id":10458,"date":"2017-12-06T07:31:47","date_gmt":"2017-12-06T06:31:47","guid":{"rendered":"https:\/\/lelaboratoireanarchiste.noblogs.org\/?p=10458"},"modified":"2017-12-06T07:33:26","modified_gmt":"2017-12-06T06:33:26","slug":"declaration-commune-dhabitant-es-de-territoires-en-lutte-face-au-sommet-climat-du-12-decembre-a-paris","status":"publish","type":"post","link":"https:\/\/lelaboratoireanarchiste.noblogs.org\/?p=10458","title":{"rendered":"\u00ab\u00a0D\u00e9claration commune d\u2019habitant.es de territoires en lutte face au sommet climat du 12 d\u00e9cembre \u00e0 Paris\u00a0\u00bb"},"content":{"rendered":"<p>Vous trouverez ci-dessous et en pi\u00e8ce jointe la<strong> \u00ab\u00a0D\u00e9claration commune d\u2019habitant.es de territoires en lutte face au sommet climat du 12 d\u00e9cembre \u00e0 Paris<\/strong>\u00a0\u00bb<\/p>\n<p>&nbsp;<\/p>\n<p>Merci de faire suivre,<\/p>\n<p>&nbsp;<\/p>\n<p>HM<\/p>\n<p>&nbsp;<\/p>\n<p>******<\/p>\n<p>Le 12 d\u00e9cembre \u00e0 Paris, \u00e0 l&rsquo;occasion du second anniversaire de la COP 21, se tiendra un sommet international sur l&rsquo;\u00e9conomie et la transition \u00e9nerg\u00e9tique. Face \u00e0 cette nouvelle op\u00e9ration de marketing vert, des territoires en lutte &#8211; de Bure \u00e0 Roybon en passant par Notre Dame des Landes, des collines aveyronnaises, en passant par le plateau de Millevaches, \u00e0 la ceinture mara\u00eech\u00e8re dijonnaise ou les c\u00f4tes du Finist\u00e8re &#8211; se sont regroup\u00e9s pour une d\u00e9claration commune. Il s&rsquo;agit de rendre visible &#8211; avant, pendant et apr\u00e8s le sommet &#8211; la mani\u00e8re dont le gouvernement Macron poursuit en r\u00e9alit\u00e9 un ensemble de projets d&rsquo;am\u00e9nagement destructeurs et nuisibles. Cette d\u00e9claration met en avant la vitalit\u00e9 des r\u00e9sistances en cours face \u00e0 ces projets mortif\u00e8res et un calendrier commun tout au long du mois de d\u00e9cembre pour continuer \u00e0 densifier ces luttes.<\/p>\n<p>&nbsp;<\/p>\n<p>Vous trouvez ci-dessous la d\u00e9claration et le calendrier communs avec leurs premiers signataires.<\/p>\n<p>&nbsp;<\/p>\n<p>&#8212;&#8212;&#8212;&#8212;&#8212;&#8212;&#8212;&#8212;&#8212;&#8211;<strong><br \/>\n<\/strong><\/p>\n<p>&nbsp;<\/p>\n<p><strong>D\u00e9claration commune d\u2019habitant.es de territoires en lutte face au sommet climat du 12 d\u00e9cembre \u00e0 Paris<\/strong><\/p>\n<p><strong>\u00a0<\/strong><\/p>\n<p>&nbsp;<\/p>\n<p><strong>Urgence dans les territoires comme dans la rue !<\/strong><\/p>\n<p>Habitant.es de zones menac\u00e9es ou \u00e0 d\u00e9fendre, nous nous sommes r\u00e9uni.es \u00e0 plusieurs reprises pour d\u00e9cr\u00e9ter ensemble un mois d&rsquo;urgence des luttes de territoire. En effet, le mois de d\u00e9cembre qui approche risque fort de recouvrir un sens particulier pour nous, \u00e0 au moins deux titres.<\/p>\n<p>D&rsquo;abord, ce sera l&rsquo;occasion pour le gouvernement Macron \u2013 le 12 d\u00e9cembre \u2013 de c\u00e9l\u00e9brer les deux ans de la farce tragique que fut la COP21. Nul doute que notre Banquier national se fera une joie de se revendiquer h\u00e9ritier de l&rsquo;accord sur le climat, et de se poser en champion incontest\u00e9 de la \u00ab\u00a0croissance verte\u00a0\u00bb, \u00e0 peine un mois apr\u00e8s avoir soutenu publiquement un projet destructeur de mine d&rsquo;or en Guyane, et pris position, par la voix de son ministre, en faveur de l&rsquo;enfouissement des d\u00e9chets radioactifs.<\/p>\n<p>De la COP 21, nous retenons pour notre part l&rsquo;amertume d&rsquo;avoir vu les principaux responsables du saccage climatique se rassembler impun\u00e9ment fin 2015 et pr\u00e9tendre avoir les solutions \u00e0 leur propre folie, et la col\u00e8re d&rsquo;avoir vu nos manifestations interdites sous couvert d&rsquo;\u00e9tat d&rsquo;urgence. Mais nous nous rappelons aussi l\u2019arriv\u00e9e \u00e0 Versailles et la joie d\u00e9bordante d&rsquo;une tracto-v\u00e9lo venue de Notre-Dame-des-Landes et rendant superflue commune apr\u00e8s commune l&rsquo;application stricte de ce nouveau r\u00e9gime d&rsquo;exception\u2026<\/p>\n<p>Deux ans plus tard, le souvenir de ces convois venus de l&rsquo;Ouest, mais aussi de l&rsquo;Est et du sud-Est est encore bien vivace, d&rsquo;autant plus que d\u00e9cembre 2017 pourrait bien \u00eatre un mois charni\u00e8re dans la lutte contre le projet d&rsquo;a\u00e9roport. Il verra en effet se clore la \u00ab\u00a0m\u00e9diation\u00a0\u00bb \u00e0 l&rsquo;issue de laquelle le gouvernement devrait statuer sur le sort de Notre-Dame-des-Landes. Qui sait, alors, si nous ne devrons pas retourner chercher les b\u00e2tons que nous avions plant\u00e9s symboliquement pr\u00e8s de la ferme de Bellevue en octobre 2016 pour, de nouveau, d\u00e9fendre la ZAD ? Qui sait si, en cas d&rsquo;abandon, Notre-Dame-des-landes ne servira pas \u00e0 faire mieux accepter une expulsion violente du Bois Lejuc, \u00e0 Bure, ou de la for\u00eat occup\u00e9e de Roybon ? Quelque part dans ce champ de possibles, un moment historique se jouera dans tous les cas et nous nous tenons pr\u00eat.es \u00e0 le saisir au vol.<\/p>\n<p><strong>L\u2019heure de la convergence<\/strong><\/p>\n<p>C&rsquo;est donc depuis ce double contexte que nous parlons, et que nous pr\u00e9tendons mettre le doigt sur ce qui, au-del\u00e0 de la singularit\u00e9 de nos luttes, nous tient ensemble et nous anime. Quoi de commun en effet entre un \u00e9co-quartier \u00e0 Dijon, un a\u00e9roport \u00e0 Notre-Dame, une poubelle nucl\u00e9aire \u00e0 Bure, un transformateur \u00e9lectrique \u00e0 Saint-Victor, une usine \u00e0 pellets sur le plateau de Millevaches, une centrale \u00e0 Biomasse \u00e0 Gardanne, des forages miniers en pleine for\u00eat amazonienne, une autoroute \u00e0 Strasbourg, une autre entre Saint-\u00c9tienne et Lyon, une usine \u00e0 gaz \u00e0 Landivisiau, des mines en Centre Bretagne, de l&rsquo;extraction de sable en baie de Lannion, <em>etc.<\/em> ? Sans doute beaucoup plus qu&rsquo;il n&rsquo;y para\u00eet, en r\u00e9alit\u00e9.<\/p>\n<p>&nbsp;<\/p>\n<p>En bloquant des logiques d&rsquo;am\u00e9nagement capitaliste du territoire, nous partageons au moins un certain amour des bocages, des montagnes, des plateaux, des plages, de la mer et des for\u00eats. Nous partageons aussi une volont\u00e9 de r\u00e9appropriation de savoir-faire divers et, \u00e0 travers eux, une intuition de ce que serait une vie plus ind\u00e9pendante des logiques de contr\u00f4le et de profit. Enfin, nous avons en commun d&rsquo;\u00eatre aux prises avec un certain type de discours \u00e9cologique institutionnel, tel que celui port\u00e9 par la COP21 : celui-l\u00e0 m\u00eame qui maquille l&rsquo;accumulation \u00e9nerg\u00e9tique en \u00ab\u00a0transition\u00a0\u00bb, qui promeut le nucl\u00e9aire comme une \u00e9nergie d\u00e9carbon\u00e9e donc \u00ab\u00a0propre\u00a0\u00bb, qui verdit grossi\u00e8rement a\u00e9roports et Center Parcs pour les rendre acceptables, qui vend sous les termes de <em>smart<\/em> et de <em>green<\/em> une d\u00e9possession totale de nos vies par des m\u00e9tropoles devenues intelligentes et connect\u00e9es.<\/p>\n<p>&nbsp;<\/p>\n<p>C&rsquo;est assez pour nous convaincre de la possibilit\u00e9 d&rsquo;une d\u00e9claration commune et de la n\u00e9cessit\u00e9 d&rsquo;un calendrier commun. Et c&rsquo;est pourquoi nous, habitant.es de divers territoires en lutte, affirmons :<\/p>\n<p>&nbsp;<\/p>\n<ul>\n<li>que nous ne sommes pas dupes des grand-messes environnementales et de leurs comm\u00e9morations ;<\/li>\n<\/ul>\n<p>&nbsp;<\/p>\n<ul>\n<li>que nous lutterons partout contre la destruction des terres agricoles et des for\u00eats, que ce soit \u00e0 la campagne (comme \u00e0 Bure, \u00e0 Roybon, \u00e0 NDDL ou sur le plateau de Millevaches), autour des villes (comme \u00e0 Strasbourg ou Gonesse) ou dans leur sein m\u00eame (comme \u00e0 Dijon) ;<\/li>\n<\/ul>\n<p>&nbsp;<\/p>\n<ul>\n<li>que le gouvernement ne se d\u00e9barrassera pas discr\u00e8tement de la question de NDDL, et que c&rsquo;est sous notre regard et \u00e0 port\u00e9e de nos voix qu&rsquo;il devra se prononcer ;<\/li>\n<\/ul>\n<p>&nbsp;<\/p>\n<ul>\n<li>qu&rsquo;en cas de maintien de l&rsquo;a\u00e9roport, nous sommes encore pr\u00eat.es \u00e0 venir d\u00e9fendre la ZAD depuis nos territoires respectifs ;<\/li>\n<\/ul>\n<p>&nbsp;<\/p>\n<ul>\n<li>qu&rsquo;en cas d&rsquo;abandon, celui-ci ne sera ni la pilule faisant accepter d&rsquo;autres projets, ni une vitrine sympathique pour l&rsquo;expulsion violente d&rsquo;autres zones occup\u00e9es. Nous appelons \u00e0 la plus grande vigilance quant \u00e0 la situation \u00e0 Bure et \u00e0 Roybon, tout au long de l&rsquo;hiver!<\/li>\n<\/ul>\n<p>&nbsp;<\/p>\n<p>&nbsp;<\/p>\n<p>Nous nous affirmons donc solidaires les un.es des autres, et pr\u00eat.es \u00e0 nous soutenir mutuellement tout le long du mois de d\u00e9cembre et au-del\u00e0!<\/p>\n<p>&nbsp;<\/p>\n<p><strong>Calendrier commun des territoires en lutte :<\/strong><\/p>\n<p>&nbsp;<\/p>\n<p><strong>2 d\u00e9cembre :<\/strong> Manifestation \u00e0 Saint-Affrique contre le transformateur \u00e9lectrique RTE de Saint-Victor-et-Melvieu <em>(<u>plus d&rsquo;infos<\/u><\/em> <em>: <a href=\"https:\/\/douze.noblogs.org\">douze.noblogs.org<\/a>)<\/em><\/p>\n<p>&nbsp;<\/p>\n<p><strong>6 \u2013 12 d\u00e9cembre<\/strong> : pour la Saint-Nicolas, appel de Bure \u00e0 une semaine d&rsquo;actions d\u00e9centralis\u00e9es en r\u00e9action aux annonces d&rsquo;Hulot. <em>(<u>plus d&rsquo;infos<\/u><\/em> <em>: <a href=\"http:\/\/burestop.eu\">burestop.eu<\/a> \/ vmc.camp)<\/em><\/p>\n<p>&nbsp;<\/p>\n<p><strong>9 d\u00e9cembre :<\/strong> Manifestation sur le plateau de Millevaches contre l&rsquo;usine \u00e0 pellets de Carbon Ingen&rsquo;r Bugeat Viam (CIBV) <em>(<u>contact<\/u><\/em> <em>: <a href=\"mailto:biomassecritique@riseup.net\">biomassecritique@riseup.net<\/a>)<\/em><\/p>\n<p>&nbsp;<\/p>\n<p><strong>16 d\u00e9cembre :<\/strong> F\u00eate de la for\u00eat de Roybon (<em><u>plus d&rsquo;infos<\/u><\/em> <em>: <a href=\"http:\/\/zadroybon.wordpress.com\">zadroybon.wordpress.com<\/a><\/em>)<\/p>\n<p>&nbsp;<\/p>\n<p>&nbsp;<\/p>\n<p>&nbsp;<\/p>\n<p>Pour des \u00e9v\u00e9nements annonc\u00e9s ult\u00e9rieurement, il sera possible de consulter tout au long du mois de d\u00e9cembre l&rsquo;agenda de <a href=\"http:\/\/zad.nadir.org\">zad.nadir.org<\/a><\/p>\n<p>&nbsp;<\/p>\n<p>&nbsp;<\/p>\n<p>&nbsp;<\/p>\n<p><strong>En parall\u00e8le de ce<\/strong> <strong>calendrier, d&rsquo;autres \u00e9v\u00e9nements organis\u00e9s par ailleurs:\u00a0<\/strong><\/p>\n<p>&nbsp;<\/p>\n<p><strong>8 d\u00e9cembre :<\/strong> Journ\u00e9e europ\u00e9enne contre les Grands Projets Inutiles et Impos\u00e9s (\u00e9v\u00e9nements \u00e0 Lyon, Ni\u00e8vre, Toulouse, le Havre&#8230;)<\/p>\n<p>&nbsp;<\/p>\n<p><strong>10 d\u00e9cembre :<\/strong> Tribunal des peuples \u00e0 Paris <em>(<u>plus d&rsquo;infos<\/u><\/em> <em>:<\/em> <em><a href=\"http:\/\/pasuneurodeplus.info\">pasuneurodeplus.info<\/a><\/em>)<\/p>\n<p>&nbsp;<\/p>\n<p><strong>12 d\u00e9cembre :<\/strong> Actions \u00e0 l&rsquo;occasion de l&rsquo;anniversaire de l&rsquo;accord de Paris : sommet climatique \u00e0 l&rsquo;\u00eele Seguin<\/p>\n<p>&nbsp;<\/p>\n<p>&nbsp;<\/p>\n<p>&nbsp;<\/p>\n<p><u>Signataires<\/u>\u00a0:<\/p>\n<p>&nbsp;<\/p>\n<p>AVEYRON = L\u2019Amassada (cabane et mouvement de lutte contre le transfo aux mille \u00e9oliennes)<\/p>\n<p>&nbsp;<\/p>\n<p>BRETAGNE = Grain de sable dans la machine (baie de Lannion) \/ Collectif Monts d\u2019Arr\u00e9<\/p>\n<p>&nbsp;<\/p>\n<p>BURE = Plein de chouettes hiboux de Bure \/ Bure Stop 55 \/ L\u2019EODRA (association d\u2019\u00e9lus oppos\u00e9s \u00e0 Cig\u00e9o \u2013 Bure) \/ CEDRA (Collectif haut-marnais contre l\u2019enfouissement)<\/p>\n<p>&nbsp;<\/p>\n<p>CENTER PARCS = Center Parcs Ni Ici Ni Ailleurs (coordination contre les Center Parcs de Roybon, de Poligny et du Rousset) \/ Des habitant.es de la for\u00eat de Roybon \/ comit\u00e9 de r\u00e9daction de De Tout Bois (revue de lutte contre le Center Parcs de Roybon) \/ Assembl\u00e9e d\u2019opposant.es \u00e0 Center Parcs (Jura) \/ Collectif jurassien d\u2019opposant.es \u00e0 Center Parcs \/ Collectif Geai du Rousset 71 \/ Groupe libertaire 71 \/ SOS For\u00eat Franche-Comt\u00e9<\/p>\n<p>&nbsp;<\/p>\n<p>C\u00c9VENNES = Bogues<\/p>\n<p>&nbsp;<\/p>\n<p>DIJON = Quartier libre des Lentill\u00e8res<\/p>\n<p>&nbsp;<\/p>\n<p>LYON = Collectif ZAD Lyon<\/p>\n<p>&nbsp;<\/p>\n<p>MONTAGNE LIMOUSINE \/ PLATEAU DE MILLEVACHES = Collectif Biomasse critique<\/p>\n<p>&nbsp;<\/p>\n<p>NDDL = Des habitant.es de la zad et opposant.es \u00e0 l\u2019a\u00e9roport de nddl et son monde<\/p>\n<p>&nbsp;<\/p>\n<p>SAINT-ETIENNE = Assembl\u00e9e de lutte contre l&rsquo;A45&#8230; et plus encore<\/p>\n<p>&nbsp;<\/p>\n<p>&nbsp;<\/p>\n<p>&nbsp;<\/p>\n<p><a href=\"https:\/\/lelaboratoireanarchiste.noblogs.org\/files\/2017\/12\/texte-de\u0301c-version-me\u0301dias.pdf\">Zone contenant les pi\u00e8ces jointes<\/a><\/p>\n<p>&nbsp;<\/p>\n","protected":false},"excerpt":{"rendered":"<p>Vous trouverez ci-dessous et en pi\u00e8ce jointe la \u00ab\u00a0D\u00e9claration commune d\u2019habitant.es de territoires en lutte face au sommet climat du 12 d\u00e9cembre \u00e0 Paris\u00a0\u00bb &nbsp; Merci de faire suivre, &nbsp; HM &nbsp; ****** Le 12 d\u00e9cembre \u00e0 Paris, \u00e0 l&rsquo;occasion du second anniversaire de la COP 21, se tiendra un sommet international sur l&rsquo;\u00e9conomie et [&hellip;]<\/p>\n","protected":false},"author":7964,"featured_media":0,"comment_status":"closed","ping_status":"closed","sticky":false,"template":"","format":"standard","meta":{"footnotes":""},"categories":[1],"tags":[],"class_list":["post-10458","post","type-post","status-publish","format-standard","hentry","category-general"],"_links":{"self":[{"href":"https:\/\/lelaboratoireanarchiste.noblogs.org\/index.php?rest_route=\/wp\/v2\/posts\/10458","targetHints":{"allow":["GET"]}}],"collection":[{"href":"https:\/\/lelaboratoireanarchiste.noblogs.org\/index.php?rest_route=\/wp\/v2\/posts"}],"about":[{"href":"https:\/\/lelaboratoireanarchiste.noblogs.org\/index.php?rest_route=\/wp\/v2\/types\/post"}],"author":[{"embeddable":true,"href":"https:\/\/lelaboratoireanarchiste.noblogs.org\/index.php?rest_route=\/wp\/v2\/users\/7964"}],"replies":[{"embeddable":true,"href":"https:\/\/lelaboratoireanarchiste.noblogs.org\/index.php?rest_route=%2Fwp%2Fv2%2Fcomments&post=10458"}],"version-history":[{"count":2,"href":"https:\/\/lelaboratoireanarchiste.noblogs.org\/index.php?rest_route=\/wp\/v2\/posts\/10458\/revisions"}],"predecessor-version":[{"id":10461,"href":"https:\/\/lelaboratoireanarchiste.noblogs.org\/index.php?rest_route=\/wp\/v2\/posts\/10458\/revisions\/10461"}],"wp:attachment":[{"href":"https:\/\/lelaboratoireanarchiste.noblogs.org\/index.php?rest_route=%2Fwp%2Fv2%2Fmedia&parent=10458"}],"wp:term":[{"taxonomy":"category","embeddable":true,"href":"https:\/\/lelaboratoireanarchiste.noblogs.org\/index.php?rest_route=%2Fwp%2Fv2%2Fcategories&post=10458"},{"taxonomy":"post_tag","embeddable":true,"href":"https:\/\/lelaboratoireanarchiste.noblogs.org\/index.php?rest_route=%2Fwp%2Fv2%2Ftags&post=10458"}],"curies":[{"name":"wp","href":"https:\/\/api.w.org\/{rel}","templated":true}]}}